{"id":42322,"date":"2018-10-23T20:23:04","date_gmt":"2018-10-23T23:23:04","guid":{"rendered":"https:\/\/eldiariodesanpedro.com.ar\/sitio\/?p=42322"},"modified":"2018-10-23T20:23:04","modified_gmt":"2018-10-23T23:23:04","slug":"zarate-secuestraron-arsenal-de-armas-utilizado-para-caza-deportiva-en-la-zona","status":"publish","type":"post","link":"https:\/\/eldiariodesanpedro.com.ar\/sitio\/zarate-secuestraron-arsenal-de-armas-utilizado-para-caza-deportiva-en-la-zona\/","title":{"rendered":"Z\u00c1RATE: Secuestraron arsenal de armas utilizado para caza deportiva en la zona"},"content":{"rendered":"<p><!-- VideographyWP Plugin Message: Automatic video embedding prevented by plugin options. --><br \/>\nLa detenida ofrec\u00eda a trav\u00e9s de grupos de Facebook de venta Z\u00e1rate -Campana, cuero de animales y caza deportiva en el Ciervo de los Pantanos (\u00e1rea protegida de la ciudad de Campana).<br \/>\nPersonal de Prevenci\u00f3n Ecol\u00f3gica y Sustancias Peligrosas de la Direcci\u00f3n Nacional de Fauna y Conservaci\u00f3n de la Biodiversidad del Ministerio de Ambiente de la Naci\u00f3n, a trav\u00e9s de la DDI Z\u00e1rate-Campana.<\/p>\n<p>  En el allanamiento ocurrido en una finca sobre la calle Ricardo Rojas en el barrio San Felipe de la ciudad vecina, se aprehendi\u00f3 a una mujer y se secuestr\u00f3 un arsenal de armas de grueso calibre y m\u00e1s de 1200 municiones de distintos tama\u00f1os.<br \/>\n  Interviene UFI y Juzgado N\u00b02 de Campana a cargo del Dr. Alejandro Irigoyen y Juzgado de Garant\u00edas N\u00b02 a cargo del Dr. Julio Grassi.<\/p>\n<p>Fuente: Z\u00e1rate Alerta<\/p>\n","protected":false},"excerpt":{"rendered":"<p>La detenida ofrec\u00eda a trav\u00e9s de grupos de Facebook de venta Z\u00e1rate -Campana, cuero de animales y caza deportiva en el Ciervo de los Pantanos (\u00e1rea protegida de la ciudad de Campana). Personal de Prevenci\u00f3n Ecol\u00f3gica y Sustancias Peligrosas de la Direcci\u00f3n Nacional de Fauna y Conservaci\u00f3n de la Biodiversidad del Ministerio de Ambiente de [&hellip;]<\/p>\n","protected":false},"author":4,"featured_media":42323,"comment_status":"open","ping_status":"closed","sticky":false,"template":"","format":"standard","meta":{"om_disable_all_campaigns":false,"_jetpack_memberships_contains_paid_content":false,"footnotes":""},"categories":[621],"tags":[],"class_list":["post-42322","post","type-post","status-publish","format-standard","has-post-thumbnail","hentry","category-regionales"],"aioseo_notices":[],"gutentor_comment":0,"jetpack_featured_media_url":"https:\/\/eldiariodesanpedro.com.ar\/sitio\/wp-content\/uploads\/2018\/10\/PAGINA-6-6.jpg","jetpack_shortlink":"https:\/\/wp.me\/p6RhLt-b0C","jetpack_sharing_enabled":true,"_links":{"self":[{"href":"https:\/\/eldiariodesanpedro.com.ar\/sitio\/wp-json\/wp\/v2\/posts\/42322","targetHints":{"allow":["GET"]}}],"collection":[{"href":"https:\/\/eldiariodesanpedro.com.ar\/sitio\/wp-json\/wp\/v2\/posts"}],"about":[{"href":"https:\/\/eldiariodesanpedro.com.ar\/sitio\/wp-json\/wp\/v2\/types\/post"}],"author":[{"embeddable":true,"href":"https:\/\/eldiariodesanpedro.com.ar\/sitio\/wp-json\/wp\/v2\/users\/4"}],"replies":[{"embeddable":true,"href":"https:\/\/eldiariodesanpedro.com.ar\/sitio\/wp-json\/wp\/v2\/comments?post=42322"}],"version-history":[{"count":1,"href":"https:\/\/eldiariodesanpedro.com.ar\/sitio\/wp-json\/wp\/v2\/posts\/42322\/revisions"}],"predecessor-version":[{"id":42325,"href":"https:\/\/eldiariodesanpedro.com.ar\/sitio\/wp-json\/wp\/v2\/posts\/42322\/revisions\/42325"}],"wp:featuredmedia":[{"embeddable":true,"href":"https:\/\/eldiariodesanpedro.com.ar\/sitio\/wp-json\/wp\/v2\/media\/42323"}],"wp:attachment":[{"href":"https:\/\/eldiariodesanpedro.com.ar\/sitio\/wp-json\/wp\/v2\/media?parent=42322"}],"wp:term":[{"taxonomy":"category","embeddable":true,"href":"https:\/\/eldiariodesanpedro.com.ar\/sitio\/wp-json\/wp\/v2\/categories?post=42322"},{"taxonomy":"post_tag","embeddable":true,"href":"https:\/\/eldiariodesanpedro.com.ar\/sitio\/wp-json\/wp\/v2\/tags?post=42322"}],"curies":[{"name":"wp","href":"https:\/\/api.w.org\/{rel}","templated":true}]}}