{"id":42306,"date":"2018-10-23T19:29:34","date_gmt":"2018-10-23T22:29:34","guid":{"rendered":"https:\/\/eldiariodesanpedro.com.ar\/sitio\/?p=42306"},"modified":"2018-10-23T19:29:34","modified_gmt":"2018-10-23T22:29:34","slug":"el-bloque-de-concejales-de-cambiemos-solicito-a-veronica-lopez-que-se-tome-licencia-por-tiempo-indeterminado","status":"publish","type":"post","link":"https:\/\/eldiariodesanpedro.com.ar\/sitio\/el-bloque-de-concejales-de-cambiemos-solicito-a-veronica-lopez-que-se-tome-licencia-por-tiempo-indeterminado\/","title":{"rendered":"El bloque de concejales de Cambiemos solicit\u00f3 a Veronica Lopez que se tome licencia por tiempo indeterminado"},"content":{"rendered":"<p><!-- VideographyWP Plugin Message: Automatic video embedding prevented by plugin options. --><br \/>\ntras el esc\u00e1ndalo ocurrido con la concejal Ver\u00f3nica L\u00f3pez quien se \u00abenganch\u00f3 de la luz\u00bb provocando una gran indignaci\u00f3n en los ciudadanos que habitualmente con un gran esfuerzo pagan las facturas de electricidad a pesar de los grandes aumentos.<\/p>\n<p>El bloque de Cambiemos le pidi\u00f3 que tome licencia a la edil, hecho al que accedi\u00f3.<\/p>\n<p>Sus compa\u00f1eros de cambiemos aseguraron que a partir de este martes no va a estar ocupando la banca en el concejo, va a hacer un pedido de licencia por un plazo indefinido hasta que regularice su situaci\u00f3n, teniendo en cuenta que ella debe ser un ejemplo para los demas ciudadanos desde el cargo que ocupa. <\/p>\n","protected":false},"excerpt":{"rendered":"<p>tras el esc\u00e1ndalo ocurrido con la concejal Ver\u00f3nica L\u00f3pez quien se \u00abenganch\u00f3 de la luz\u00bb provocando una gran indignaci\u00f3n en los ciudadanos que habitualmente con un gran esfuerzo pagan las facturas de electricidad a pesar de los grandes aumentos. El bloque de Cambiemos le pidi\u00f3 que tome licencia a la edil, hecho al que accedi\u00f3. [&hellip;]<\/p>\n","protected":false},"author":4,"featured_media":42309,"comment_status":"open","ping_status":"closed","sticky":false,"template":"","format":"standard","meta":{"om_disable_all_campaigns":false,"_jetpack_memberships_contains_paid_content":false,"footnotes":""},"categories":[2,102],"tags":[],"class_list":["post-42306","post","type-post","status-publish","format-standard","has-post-thumbnail","hentry","category-locales","category-politica-locales"],"aioseo_notices":[],"gutentor_comment":0,"jetpack_featured_media_url":"https:\/\/eldiariodesanpedro.com.ar\/sitio\/wp-content\/uploads\/2018\/10\/20181019113658_.lopecita.jpg","jetpack_shortlink":"https:\/\/wp.me\/p6RhLt-b0m","jetpack_sharing_enabled":true,"_links":{"self":[{"href":"https:\/\/eldiariodesanpedro.com.ar\/sitio\/wp-json\/wp\/v2\/posts\/42306","targetHints":{"allow":["GET"]}}],"collection":[{"href":"https:\/\/eldiariodesanpedro.com.ar\/sitio\/wp-json\/wp\/v2\/posts"}],"about":[{"href":"https:\/\/eldiariodesanpedro.com.ar\/sitio\/wp-json\/wp\/v2\/types\/post"}],"author":[{"embeddable":true,"href":"https:\/\/eldiariodesanpedro.com.ar\/sitio\/wp-json\/wp\/v2\/users\/4"}],"replies":[{"embeddable":true,"href":"https:\/\/eldiariodesanpedro.com.ar\/sitio\/wp-json\/wp\/v2\/comments?post=42306"}],"version-history":[{"count":1,"href":"https:\/\/eldiariodesanpedro.com.ar\/sitio\/wp-json\/wp\/v2\/posts\/42306\/revisions"}],"predecessor-version":[{"id":42310,"href":"https:\/\/eldiariodesanpedro.com.ar\/sitio\/wp-json\/wp\/v2\/posts\/42306\/revisions\/42310"}],"wp:featuredmedia":[{"embeddable":true,"href":"https:\/\/eldiariodesanpedro.com.ar\/sitio\/wp-json\/wp\/v2\/media\/42309"}],"wp:attachment":[{"href":"https:\/\/eldiariodesanpedro.com.ar\/sitio\/wp-json\/wp\/v2\/media?parent=42306"}],"wp:term":[{"taxonomy":"category","embeddable":true,"href":"https:\/\/eldiariodesanpedro.com.ar\/sitio\/wp-json\/wp\/v2\/categories?post=42306"},{"taxonomy":"post_tag","embeddable":true,"href":"https:\/\/eldiariodesanpedro.com.ar\/sitio\/wp-json\/wp\/v2\/tags?post=42306"}],"curies":[{"name":"wp","href":"https:\/\/api.w.org\/{rel}","templated":true}]}}