{"id":42293,"date":"2018-10-23T09:34:51","date_gmt":"2018-10-23T12:34:51","guid":{"rendered":"https:\/\/eldiariodesanpedro.com.ar\/sitio\/?p=42293"},"modified":"2018-10-23T09:34:51","modified_gmt":"2018-10-23T12:34:51","slug":"coplac-confirmaron-el-subsidio-municipal-de-4500","status":"publish","type":"post","link":"https:\/\/eldiariodesanpedro.com.ar\/sitio\/coplac-confirmaron-el-subsidio-municipal-de-4500\/","title":{"rendered":"COPLAC: Confirmaron el Subsidio Municipal de $4500"},"content":{"rendered":"<p><!-- VideographyWP Plugin Message: Automatic video embedding prevented by plugin options. --><br \/>\nLuego de 40 d\u00edas de vigilia en las puertas de la planta COPLAC, que dejo a m\u00e1s de 60 familias sin trabajo. El Secretario de Coordinaci\u00f3n, Ramon Salazar, confirm\u00f3 en entrevista a este medio, que van a recibir un subsidio de $4500 por \u00fanica vez, a los 49 trabajadores que todav\u00eda no recibieron la indemnizaci\u00f3n, por ahora, el otro mes se sentaran a dialogar de nuevo con los ex empleados para discutir si pueden llegar a pagarles, el subsidio plus, que serian $10.700 por mes durante 9 meses.<\/p>\n<p>Los ex trabajadores de la planta todav\u00eda aguardan en vigilia en las puertas como lo vienen haciendo durante 40 d\u00edas ya, \u00abno queremos que se lleven los moldes, es lo \u00fanico que tenemos para agarrarnos y que el due\u00f1o nos termine de pagar\u00bb, palabras expresadas por los compa\u00f1eros cada vez que se le pregunta porque aguardan todav\u00eda all\u00ed; la semana pasada en el Ministerio de Trabajo hubo una reuni\u00f3n y todav\u00eda no se resolvi\u00f3 el pago de la indemnizaci\u00f3n, por parte del empresario quieren pagarles un 50% en cuatro cuotas y desde el organismo les informaron que s\u00f3lo podr\u00edan homologar un 85 % y al contado. <\/p>\n<p>Esta semana volver\u00edan a reunirse para continuar dialogando sobre la indemnizaci\u00f3n. La empresa tiene todas sus cuentas embargadas, por lo que su premura por alcanzar alg\u00fan tipo de acuerdo ser\u00e1 importante.<\/p>\n<p>Por otro lado, el Ram\u00f3n Salazar, nos confirm\u00f3 que esta semana estar\u00e1n disponibles los cheques que \u00abson 49 trabajadores los que van a cobrar\u00bb la suma correspondiente al subsidio de $4.500, que en principio ser\u00e1 por \u00fanica vez; la partida del dinero saldr\u00e1 de la  \u00abAyuda a personas indigentes &#8211; Fondo de Fortalecimiento Familiar\u00bb, que proviene de fondos provinciales.<\/p>\n<p>Se espera el Fondo de Desempleo tramitado ante ANSES, que si se puede concretar, ser\u00e1n nueve cuotas de 10.700 pesos para cada uno de los trabajadores despedidos.<\/p>\n","protected":false},"excerpt":{"rendered":"<p>Luego de 40 d\u00edas de vigilia en las puertas de la planta COPLAC, que dejo a m\u00e1s de 60 familias sin trabajo. El Secretario de Coordinaci\u00f3n, Ramon Salazar, confirm\u00f3 en entrevista a este medio, que van a recibir un subsidio de $4500 por \u00fanica vez, a los 49 trabajadores que todav\u00eda no recibieron la indemnizaci\u00f3n, [&hellip;]<\/p>\n","protected":false},"author":4,"featured_media":40287,"comment_status":"open","ping_status":"closed","sticky":false,"template":"","format":"standard","meta":{"om_disable_all_campaigns":false,"_jetpack_memberships_contains_paid_content":false,"footnotes":""},"categories":[50,101,2],"tags":[],"class_list":["post-42293","post","type-post","status-publish","format-standard","has-post-thumbnail","hentry","category-destacadas","category-interes-general-locales","category-locales"],"aioseo_notices":[],"gutentor_comment":0,"jetpack_featured_media_url":"https:\/\/eldiariodesanpedro.com.ar\/sitio\/wp-content\/uploads\/2018\/09\/salazar-coplac.jpg","jetpack_shortlink":"https:\/\/wp.me\/p6RhLt-b09","jetpack_sharing_enabled":true,"_links":{"self":[{"href":"https:\/\/eldiariodesanpedro.com.ar\/sitio\/wp-json\/wp\/v2\/posts\/42293","targetHints":{"allow":["GET"]}}],"collection":[{"href":"https:\/\/eldiariodesanpedro.com.ar\/sitio\/wp-json\/wp\/v2\/posts"}],"about":[{"href":"https:\/\/eldiariodesanpedro.com.ar\/sitio\/wp-json\/wp\/v2\/types\/post"}],"author":[{"embeddable":true,"href":"https:\/\/eldiariodesanpedro.com.ar\/sitio\/wp-json\/wp\/v2\/users\/4"}],"replies":[{"embeddable":true,"href":"https:\/\/eldiariodesanpedro.com.ar\/sitio\/wp-json\/wp\/v2\/comments?post=42293"}],"version-history":[{"count":1,"href":"https:\/\/eldiariodesanpedro.com.ar\/sitio\/wp-json\/wp\/v2\/posts\/42293\/revisions"}],"predecessor-version":[{"id":42294,"href":"https:\/\/eldiariodesanpedro.com.ar\/sitio\/wp-json\/wp\/v2\/posts\/42293\/revisions\/42294"}],"wp:featuredmedia":[{"embeddable":true,"href":"https:\/\/eldiariodesanpedro.com.ar\/sitio\/wp-json\/wp\/v2\/media\/40287"}],"wp:attachment":[{"href":"https:\/\/eldiariodesanpedro.com.ar\/sitio\/wp-json\/wp\/v2\/media?parent=42293"}],"wp:term":[{"taxonomy":"category","embeddable":true,"href":"https:\/\/eldiariodesanpedro.com.ar\/sitio\/wp-json\/wp\/v2\/categories?post=42293"},{"taxonomy":"post_tag","embeddable":true,"href":"https:\/\/eldiariodesanpedro.com.ar\/sitio\/wp-json\/wp\/v2\/tags?post=42293"}],"curies":[{"name":"wp","href":"https:\/\/api.w.org\/{rel}","templated":true}]}}