{"id":42287,"date":"2018-10-22T21:39:11","date_gmt":"2018-10-23T00:39:11","guid":{"rendered":"https:\/\/eldiariodesanpedro.com.ar\/sitio\/?p=42287"},"modified":"2018-10-22T21:39:11","modified_gmt":"2018-10-23T00:39:11","slug":"ramon-salazar-que-el-mono-agarre-la-pala-y-se-ponga-a-trabajar-diganme-que-produjo-el-para-la-ciudad-nada","status":"publish","type":"post","link":"https:\/\/eldiariodesanpedro.com.ar\/sitio\/ramon-salazar-que-el-mono-agarre-la-pala-y-se-ponga-a-trabajar-diganme-que-produjo-el-para-la-ciudad-nada\/","title":{"rendered":"Ramon Salazar: \u00abQue el Mono agarre la pala y se ponga a trabajar. D\u00edganme \u00bfQu\u00e9 produjo \u00e9l para la ciudad? Nada\u00bb"},"content":{"rendered":"<p><!-- VideographyWP Plugin Message: Automatic video embedding prevented by plugin options. --><br \/>\nEn la ma\u00f1ana de este lunes y durante el fin de semana Ram\u00f3n Salazar Secretario de Coordinaci\u00f3n de la Municipalidad, habl\u00f3 a trav\u00e9s de varios medios de prensa defendi\u00e9ndose de acusaciones que recibi\u00f3 de los dirigentes gremiales Juan Cruz \u00abMono\u00bb Acosta y \u00abChipi\u00bb Ben\u00edtez sobre su trabajo como asesor de OSPRERA, labor que realiza de manera paralela a su cargo en la Municipalidad.<\/p>\n<p>  \u00abEn la asunci\u00f3n de mi padre como Intendente, con la presencia del \u00abMomo\u00bb Venegas, \u00e9l agradeci\u00f3 poder venir a trabajar a la Municipalidad full time y continuar siendo asesor de OSPRERA, as\u00ed que lo dijo adelante de todo el mundo, frente a los medios de comunicaci\u00f3n, todos ya lo sab\u00edan\u00bb, se defendi\u00f3 el Dr. Salazar. Y agreg\u00f3 sobre los gremialistas que lo acusaron: \u00abDeber\u00edan preocuparse de defender los derechos de los trabajadores y no defender sus privilegios, porque eso es lo que buscan con estas cosas, ensuciando a la gente, ellos ahora est\u00e1n defendiendo la posibilidad de no trabajar, ellos dicen de una Ley que los avala a no trabajar, pero en realidad esa Ley dice que el mismo gremio le debe pagar el sueldo\u00bb.<\/p>\n<p>  Adem\u00e1s, se refiri\u00f3 al conflicto que contin\u00faa entre el gremio de los empleados municipales y el Ejecutivo. La semana pasada se intim\u00f3 a Juan Cruz \u00abMono\u00bb Acosta y \u00abChipi\u00bb Ben\u00edtez a volver a trabajar. Salazar coment\u00f3:   \u00abEn las reuniones que hemos tenido con ellos para poder dialogar sobre el aumento para los trabajadores, lo \u00fanico que hacen estas personas es ponerse a hablar de pol\u00edtica, sobre Cristina o Macri y, pierden el tiempo. La \u00faltima vez estuvieron una hora y media hablando de otras cosas que nada que ver; adem\u00e1s fui yo quien sugiri\u00f3 adelantar las paritarias teniendo en cuenta la devaluaci\u00f3n; al d\u00eda siguiente de haberles ofrecido una reuni\u00f3n, realizan sorpresivamente una retenci\u00f3n de tareas porque no se abr\u00edan paritarias\u00bb.<br \/>\n  Asimismo, habl\u00f3 sobre Acosta y el cruce con el concejal Iv\u00e1n Paz la semana pasada en la Direcci\u00f3n de Tr\u00e1nsito: \u00abSi vieron el video de la discusi\u00f3n, se puede ver la altura que tiene Iv\u00e1n en comparaci\u00f3n con estos muchachitos, por suerte estaban las c\u00e1maras si no, le habr\u00edan pegado. Lo \u00fanico que saben decir son malas palabras e insultar, Iv\u00e1n es una persona correcta que no entra en ese juego y lo \u00fanico que hizo fue contestarle con altura, dici\u00e9ndole a Acosta que tiene que ponerse a trabajar porque no est\u00e1 trabajando. Unos impresentables que solo dec\u00edan un insulto tras otro, la verdad es que tanto el Mono como el Chipi, deber\u00edan capacitarse y estudiar, que se preparen para poder defender mejor a los trabajadores\u00bb.<br \/>\n  Para finalizar el tema agreg\u00f3: \u00abQue el Mono agarre la pala y se ponga a trabajar, que le devuelva algo a la gente de San Pedro, d\u00edganme \u00bfQu\u00e9 produjo \u00e9l para la ciudad? \u00a1Nada! Que se ponga a trabajar o que devuelva algo de los cientos de miles de pesos que la gente le dio\u00bb.<\/p>\n<p>  Igualmente dialogamos sobre el esc\u00e1ndalo generado al descubrirse a trav\u00e9s de la denuncia de un vecino que la concejal Ver\u00f3nica L\u00f3pez, de Cambiemos, estaba \u00abenganchada de la luz\u00bb. Con respecto a esto Salazar hijo coment\u00f3: \u00abTengo entendido que lo que estaba haciendo era usar el medidor de un vecino, compart\u00edan el gasto entre los dos. Ella tendr\u00e1 que responder a las acusaciones sobre el tema, cuando me enter\u00e9 est\u00e1bamos en reuni\u00f3n por la paritaria, justamente con los gremios, y al momento le envi\u00e9 un mensaje solicit\u00e1ndole explicaciones. Lo \u00fanico que me dijo fue que estaba enganchada con un vecino, que compart\u00edan el medidor. No corresponde que nadie lo haga y muchos menos una concejal. La renuncia es voluntaria y hasta el momento no se la hemos pedido porque todav\u00eda no hablamos del tema con el Intendente\u00bb.<\/p>\n<p>  Refiri\u00e9ndose al conflicto en la Balanza, a la acusaci\u00f3n sobre cobranza en negro de tickets y el paro de CICOP dijo:<br \/>\n  \u00abNo es un cobro en negro lo que se realiza en la Balanza, es un comprobante que est\u00e1 en tres partes, cualquiera de los choferes puede acercarse hasta el Municipio y realizar el canje del mismo en las Oficinas de Renta por un ticket legal\u201d.<br \/>\n  \u201cLa retenci\u00f3n de tareas evita que recaudemos, teniendo en cuenta que ese dinero est\u00e1 destinado al pago de los haberes de los trabajadores. Cada paro que realizan es en su propio perjuicio\u201d.<br \/>\n  \u201cEn unos d\u00edas vamos a tener una reuni\u00f3n con los representantes de CICOP para tratar de solucionar ese tema y poder brindar el mejor servicio posible a la comunidad, destacando que donde m\u00e1s invierte la Municipalidad es en salud justamente\u00bb.<\/p>\n<p>  Tambi\u00e9n adelant\u00f3 que la Municipalidad de nuestra ciudad brindar\u00e1 por \u00fanica vez un subsidio para los ex empleados de COPLAC que hasta el momento no arreglaron su indemnizaci\u00f3n: \u00abSe les va a otorgar un subsidio a 49 trabajadores de $4500, cuando la empresa se retir\u00f3 de San Pedro indemniz\u00f3 a los trabajadores que si estaban trabajando, sin llegar a un acuerdo con los que se encontraban reclamando. El subsidio est\u00e1 destinado a ellos, quienes est\u00e1n muy complicados y siguen de guardia en las puertas de la f\u00e1brica para evitar que se lleven las maquinarias\u00bb.<\/p>\n<p>  Terminando la entrevista, Ram\u00f3n Salazar se refiri\u00f3 a los rumores sobre su candidatura para intendente en 2019: \u00abSe dijo alguna vez que pod\u00eda ser candidato, pero no, por ahora no. Solamente vine a San Pedro a ayudar a mi viejo, no tengo pensado hasta el momento ser candidato para nada, inclusive a mi pap\u00e1 lo est\u00e1n buscando de OSPRERA para que vuelva y a m\u00ed tambi\u00e9n, as\u00ed que todav\u00eda no hemos decidido c\u00f3mo vamos a continuar. De cualquier manera Cecilio ayud\u00f3 a la gente antes de ser Intendente, lo hace ahora y tambi\u00e9n lo har\u00e1 despu\u00e9s\u201d.<\/p>\n","protected":false},"excerpt":{"rendered":"<p>En la ma\u00f1ana de este lunes y durante el fin de semana Ram\u00f3n Salazar Secretario de Coordinaci\u00f3n de la Municipalidad, habl\u00f3 a trav\u00e9s de varios medios de prensa defendi\u00e9ndose de acusaciones que recibi\u00f3 de los dirigentes gremiales Juan Cruz \u00abMono\u00bb Acosta y \u00abChipi\u00bb Ben\u00edtez sobre su trabajo como asesor de OSPRERA, labor que realiza de [&hellip;]<\/p>\n","protected":false},"author":4,"featured_media":42288,"comment_status":"open","ping_status":"closed","sticky":false,"template":"","format":"standard","meta":{"om_disable_all_campaigns":false,"_jetpack_memberships_contains_paid_content":false,"footnotes":""},"categories":[50,2,102],"tags":[],"class_list":["post-42287","post","type-post","status-publish","format-standard","has-post-thumbnail","hentry","category-destacadas","category-locales","category-politica-locales"],"aioseo_notices":[],"gutentor_comment":0,"jetpack_featured_media_url":"https:\/\/eldiariodesanpedro.com.ar\/sitio\/wp-content\/uploads\/2018\/10\/TAPA.jpg","jetpack_shortlink":"https:\/\/wp.me\/p6RhLt-b03","jetpack_sharing_enabled":true,"_links":{"self":[{"href":"https:\/\/eldiariodesanpedro.com.ar\/sitio\/wp-json\/wp\/v2\/posts\/42287","targetHints":{"allow":["GET"]}}],"collection":[{"href":"https:\/\/eldiariodesanpedro.com.ar\/sitio\/wp-json\/wp\/v2\/posts"}],"about":[{"href":"https:\/\/eldiariodesanpedro.com.ar\/sitio\/wp-json\/wp\/v2\/types\/post"}],"author":[{"embeddable":true,"href":"https:\/\/eldiariodesanpedro.com.ar\/sitio\/wp-json\/wp\/v2\/users\/4"}],"replies":[{"embeddable":true,"href":"https:\/\/eldiariodesanpedro.com.ar\/sitio\/wp-json\/wp\/v2\/comments?post=42287"}],"version-history":[{"count":1,"href":"https:\/\/eldiariodesanpedro.com.ar\/sitio\/wp-json\/wp\/v2\/posts\/42287\/revisions"}],"predecessor-version":[{"id":42289,"href":"https:\/\/eldiariodesanpedro.com.ar\/sitio\/wp-json\/wp\/v2\/posts\/42287\/revisions\/42289"}],"wp:featuredmedia":[{"embeddable":true,"href":"https:\/\/eldiariodesanpedro.com.ar\/sitio\/wp-json\/wp\/v2\/media\/42288"}],"wp:attachment":[{"href":"https:\/\/eldiariodesanpedro.com.ar\/sitio\/wp-json\/wp\/v2\/media?parent=42287"}],"wp:term":[{"taxonomy":"category","embeddable":true,"href":"https:\/\/eldiariodesanpedro.com.ar\/sitio\/wp-json\/wp\/v2\/categories?post=42287"},{"taxonomy":"post_tag","embeddable":true,"href":"https:\/\/eldiariodesanpedro.com.ar\/sitio\/wp-json\/wp\/v2\/tags?post=42287"}],"curies":[{"name":"wp","href":"https:\/\/api.w.org\/{rel}","templated":true}]}}