{"id":42274,"date":"2018-10-22T20:57:02","date_gmt":"2018-10-22T23:57:02","guid":{"rendered":"https:\/\/eldiariodesanpedro.com.ar\/sitio\/?p=42274"},"modified":"2026-01-24T00:09:14","modified_gmt":"2026-01-24T03:09:14","slug":"ciclismo-buen-programa-realizado-por-pro-ciclismo","status":"publish","type":"post","link":"https:\/\/eldiariodesanpedro.com.ar\/sitio\/ciclismo-buen-programa-realizado-por-pro-ciclismo\/","title":{"rendered":"CICLISMO: Buen programa realizado por Pro Ciclismo"},"content":{"rendered":"<p><!-- VideographyWP Plugin Message: Automatic video embedding prevented by plugin options. --><br \/>\n  Con gran nivel de figuras del ciclismo argentino, en las distintas categor\u00edas realizadas durante el programa organizado por Pro Ciclismo San Pedro, participaron del gran premio, \u201cV\u00edspera del d\u00eda de la Madre\u201d, como as\u00ed tambi\u00e9n, muy buen n\u00famero de aficionados, colm\u00f3 las instalaciones del predio para disfrutar de un jer\u00e1rquico espect\u00e1culo brindado por los notables pelotones que giraron y embalaron cuant\u00edas veces mediante sprinter especiales,  durante la tarde del s\u00e1bado 20 en el circuito Panor\u00e1mico del Oeste.<br \/>\n  Y para florecer la tarde y gloriar el gran premio, la Sampedrina, Virginia Folis, subray\u00f3 con brillante triunfo en Master \u201cD\u201d y Damas la \u201cV\u00edspera d\u00eda de la Madre\u00bb.   <\/p>\n<p>Estas fueron las tablas de resultados:<\/p>\n<p><strong>PE\u00d1A CICLISTAS SAMPEDRINOS<\/strong><br \/>\n1\u00ba Edgardo Chiorazo<br \/>\n2\u00ba Javier \u201cPinino\u201d Gorbar\u00e1n<br \/>\n3\u00ba Daniel Chipolini<br \/>\n4\u00ba Luis Fernando Chileli<br \/>\n5\u00ba Pablo Guerra<\/p>\n<p><strong>M\u00c1STER \u201cD\u201d y DAMAS<\/strong><br \/>\n1\u00aa Virginia Folis (San Pedro)<br \/>\n2\u00ba Daniel Disanto (Pergamino)<br \/>\n3\u00ba Carlos Raies (Pergamino)<br \/>\n4\u00ba Rub\u00e9n Morales (San Pedro)<br \/>\n5\u00ba Walter Romasanta (Arrecifes)<\/p>\n<p><strong>PROMO &#8211; M\u00c1STER \u201cA\u201d y \u201cB-1\u201d<\/strong><br \/>\n1\u00ba Justin Joachim (La Luisa)<br \/>\n2\u00ba Jose Luis Rivera (Mendoza)<br \/>\n3\u00ba Luciano Pereyra (Rosario)<br \/>\n4\u00ba German Broggi (Chacabuco)<br \/>\n5\u00ba Mariano Manzo (San Pedro)<br \/>\nGanadores embalajes especiales: Alejandro Tuero \u2013 Juan Jos\u00e9 Paz \u2013 Cristian Monzon   Mat\u00edas Aquino (San Andr\u00e9s de Giles) \u2013 Geremias Mu\u00f1oz (San Andr\u00e9s de Giles) \u2013 Germ\u00e1n Broggi (Chacabuco).<\/p>\n<p><strong>M\u00c1STER \u201cB-2\u201d y \u201cC\u201d<\/strong><br \/>\n1\u00ba Juan Fontana (Capit\u00e1n Sarmiento)<br \/>\n2\u00ba Gustavo Paday (Capit\u00e1n Sarmiento)<br \/>\n3\u00ba Alejandro Carrusca (Villa Elisa)<br \/>\n4\u00ba Fabio Martin (Lujan)<br \/>\n5\u00ba Alejandro Mohr (Arrecifes)<\/p>\n<p>Ganadores Embalajes: Alejandro Carrusca (Villa Elisa) \u2013 Gustavo Sanpo (Bell Ville) \u2013 Gustavo Paday (Capit\u00e1n Sarmiento) \u2013 Gustavo Arpia \u2013 Mariano Giordano (Capit\u00e1n Sarmiento) \u2013 Sergio Lucero (Capit\u00e1n Sarmiento) \u2013 Mario Fabrizio \u2013 Francisco Pogger (Olavarria) \u2013 Juan Sullivan (Arrecifes) \u2013 Eduardo Villarruel \u2013 Miguel Macchi (Capit\u00e1n Sarmiento) \u2013 Narcizo Almua (Campana).-<\/p>\n","protected":false},"excerpt":{"rendered":"<p>Con gran nivel de figuras del ciclismo argentino, en las distintas categor\u00edas realizadas durante el programa organizado por Pro Ciclismo San Pedro, participaron del gran premio, \u201cV\u00edspera del d\u00eda de la Madre\u201d, como as\u00ed tambi\u00e9n, muy buen n\u00famero de aficionados, colm\u00f3 las instalaciones del predio para disfrutar de un jer\u00e1rquico espect\u00e1culo brindado por los notables [&hellip;]<\/p>\n","protected":false},"author":4,"featured_media":42276,"comment_status":"open","ping_status":"closed","sticky":false,"template":"","format":"standard","meta":{"om_disable_all_campaigns":false,"_jetpack_memberships_contains_paid_content":false,"footnotes":""},"categories":[5],"tags":[],"class_list":["post-42274","post","type-post","status-publish","format-standard","has-post-thumbnail","hentry","category-deportes"],"aioseo_notices":[],"gutentor_comment":0,"jetpack_featured_media_url":"https:\/\/eldiariodesanpedro.com.ar\/sitio\/wp-content\/uploads\/2018\/10\/Gran-cantidad-de-ciclistas-se-dieron-en-San-Pedro.jpg","jetpack_shortlink":"https:\/\/wp.me\/p6RhLt-aZQ","jetpack_sharing_enabled":true,"_links":{"self":[{"href":"https:\/\/eldiariodesanpedro.com.ar\/sitio\/wp-json\/wp\/v2\/posts\/42274","targetHints":{"allow":["GET"]}}],"collection":[{"href":"https:\/\/eldiariodesanpedro.com.ar\/sitio\/wp-json\/wp\/v2\/posts"}],"about":[{"href":"https:\/\/eldiariodesanpedro.com.ar\/sitio\/wp-json\/wp\/v2\/types\/post"}],"author":[{"embeddable":true,"href":"https:\/\/eldiariodesanpedro.com.ar\/sitio\/wp-json\/wp\/v2\/users\/4"}],"replies":[{"embeddable":true,"href":"https:\/\/eldiariodesanpedro.com.ar\/sitio\/wp-json\/wp\/v2\/comments?post=42274"}],"version-history":[{"count":2,"href":"https:\/\/eldiariodesanpedro.com.ar\/sitio\/wp-json\/wp\/v2\/posts\/42274\/revisions"}],"predecessor-version":[{"id":42282,"href":"https:\/\/eldiariodesanpedro.com.ar\/sitio\/wp-json\/wp\/v2\/posts\/42274\/revisions\/42282"}],"wp:featuredmedia":[{"embeddable":true,"href":"https:\/\/eldiariodesanpedro.com.ar\/sitio\/wp-json\/wp\/v2\/media\/42276"}],"wp:attachment":[{"href":"https:\/\/eldiariodesanpedro.com.ar\/sitio\/wp-json\/wp\/v2\/media?parent=42274"}],"wp:term":[{"taxonomy":"category","embeddable":true,"href":"https:\/\/eldiariodesanpedro.com.ar\/sitio\/wp-json\/wp\/v2\/categories?post=42274"},{"taxonomy":"post_tag","embeddable":true,"href":"https:\/\/eldiariodesanpedro.com.ar\/sitio\/wp-json\/wp\/v2\/tags?post=42274"}],"curies":[{"name":"wp","href":"https:\/\/api.w.org\/{rel}","templated":true}]}}