{"id":42271,"date":"2018-10-22T20:53:52","date_gmt":"2018-10-22T23:53:52","guid":{"rendered":"https:\/\/eldiariodesanpedro.com.ar\/sitio\/?p=42271"},"modified":"2018-10-22T20:53:52","modified_gmt":"2018-10-22T23:53:52","slug":"cecilio-salazar-deseamos-hacer-un-nuevo-llamado-a-la-reflexion-de-quienes-tenemos-la-oportunidad-de-servir-a-nuestra-comunidad-con-nuestro-trabajo","status":"publish","type":"post","link":"https:\/\/eldiariodesanpedro.com.ar\/sitio\/cecilio-salazar-deseamos-hacer-un-nuevo-llamado-a-la-reflexion-de-quienes-tenemos-la-oportunidad-de-servir-a-nuestra-comunidad-con-nuestro-trabajo\/","title":{"rendered":"Cecilio Salazar: \u00bb Deseamos hacer un nuevo llamado a la reflexi\u00f3n de quienes tenemos la oportunidad de servir a nuestra comunidad con nuestro trabajo\u00bb"},"content":{"rendered":"<p><!-- VideographyWP Plugin Message: Automatic video embedding prevented by plugin options. --><br \/>\nLuego de de tener una fuerte semana ante los cruces entre concejales y sindicalistas, ante el reclamo de los trabajadores con sus retenciones de tareas, paro de m\u00e9dicos y distintos tipo de situaciones con la negociaci\u00f3n salarial, el Jefe Comunal envi\u00f3 este lunes, un comunicado de prensa.<\/p>\n<p>Salazar lo titula \u00abResponsabilidad y Compromiso\u00bb, y expresa:<\/p>\n<p>\u00abAnte la reiteraci\u00f3n de situaciones que vuelven a colocar a nuestros vecinos y contribuyentes frente a un escenario de conflictividad, que poco contribuye con el dif\u00edcil momento que atravesamos a nivel local, provincial y nacional, deseamos hacer un nuevo llamado a la reflexi\u00f3n de quienes tenemos la oportunidad de servir a nuestra comunidad con nuestro trabajo. <\/p>\n<p>Hemos demostrado en los dos a\u00f1os y nueve meses que llevamos de gesti\u00f3n, que asumimos con gran entusiasmo el desaf\u00edo de recuperar a San Pedro. La ciudad, las localidades y la zona rural estaban devastadas. Nadie puede negar las dificultades que se atravesaron en los a\u00f1os anteriores en todos los niveles y esto tambi\u00e9n incluye en el cumplimiento de las obligaciones con los trabajadores municipales.<\/p>\n<p>Heredamos una escala salarial y derechos adquiridos que honramos y respetamos. Siempre hemos estado dispuestos a dialogar. Siempre buscamos evitar los conflictos porque sabemos que nada bueno ocurre cuando se intentan objetivos bajo presi\u00f3n.<\/p>\n<p>La realidad es muy compleja y entendemos que los asalariados, especialmente con sueldos m\u00e1s bajos esperan que sus condiciones mejoren, pero, la manera de responder a esa demanda debe seguir surgiendo de una mesa sincera y honesta en la que no se mezclen otras intenciones.<\/p>\n<p>Apelamos a que los dirigentes sindicales sigan cumpliendo su funci\u00f3n sin olvidarse de los vecinos de San Pedro, que pagando sus tasas, financian sus sueldos y tambi\u00e9n los de que formamos parte del gobierno. Podemos seguir reuni\u00e9ndonos tantas veces como sea necesario y SABEN QUE TENEMOS LA VOLUNTAD DE ENCONTRAR SOLUCIONES, como ha venido ocurriendo en todo este tiempo.<\/p>\n<p>Es llamativa la escalada de acusaciones, rumores, denuncias y diferente tipo de situaciones que se cruzan en una negociaci\u00f3n salarial que puede encontrar una salida favorable, con predisposici\u00f3n y sinceridad.<\/p>\n<p>A todos los trabajadores municipales les pedimos que vuelvan a analizar cu\u00e1nto ha cambiado su situaci\u00f3n desde el 10 de Diciembre de 2015. Es importante hacer memoria y valorar todo lo que se ha modificado para bien en los \u00faltimos tiempos. Tambi\u00e9n en este punto tenemos la obligaci\u00f3n de ponernos en el lugar de quienes pagan las tasas y los impuestos, que seguramente tambi\u00e9n atraviesan penurias y que se merecen que respetemos su esfuerzo, cumpliendo con nuestra funci\u00f3n y en nuestros puestos de trabajo.<\/p>\n<p>A los vecinos de San Pedro les reiteramos nuestra responsabilidad con la administraci\u00f3n de las arcas p\u00fablicas y nuestro compromiso con una gesti\u00f3n que se propuso y se propone seguir tomando decisiones en el presente que nos ayuden a Construir un Mejor Futuro. Es verdad que falta mucho por hacer, ENTRE TODOS podemos lograrlo\u00bb.<\/p>\n","protected":false},"excerpt":{"rendered":"<p>Luego de de tener una fuerte semana ante los cruces entre concejales y sindicalistas, ante el reclamo de los trabajadores con sus retenciones de tareas, paro de m\u00e9dicos y distintos tipo de situaciones con la negociaci\u00f3n salarial, el Jefe Comunal envi\u00f3 este lunes, un comunicado de prensa. Salazar lo titula \u00abResponsabilidad y Compromiso\u00bb, y expresa: [&hellip;]<\/p>\n","protected":false},"author":4,"featured_media":11324,"comment_status":"open","ping_status":"closed","sticky":false,"template":"","format":"standard","meta":{"om_disable_all_campaigns":false,"_jetpack_memberships_contains_paid_content":false,"footnotes":""},"categories":[50,101,2],"tags":[],"class_list":["post-42271","post","type-post","status-publish","format-standard","has-post-thumbnail","hentry","category-destacadas","category-interes-general-locales","category-locales"],"aioseo_notices":[],"gutentor_comment":0,"jetpack_featured_media_url":"https:\/\/eldiariodesanpedro.com.ar\/sitio\/wp-content\/uploads\/2016\/12\/foto-cecilio-.jpg","jetpack_shortlink":"https:\/\/wp.me\/p6RhLt-aZN","jetpack_sharing_enabled":true,"_links":{"self":[{"href":"https:\/\/eldiariodesanpedro.com.ar\/sitio\/wp-json\/wp\/v2\/posts\/42271","targetHints":{"allow":["GET"]}}],"collection":[{"href":"https:\/\/eldiariodesanpedro.com.ar\/sitio\/wp-json\/wp\/v2\/posts"}],"about":[{"href":"https:\/\/eldiariodesanpedro.com.ar\/sitio\/wp-json\/wp\/v2\/types\/post"}],"author":[{"embeddable":true,"href":"https:\/\/eldiariodesanpedro.com.ar\/sitio\/wp-json\/wp\/v2\/users\/4"}],"replies":[{"embeddable":true,"href":"https:\/\/eldiariodesanpedro.com.ar\/sitio\/wp-json\/wp\/v2\/comments?post=42271"}],"version-history":[{"count":1,"href":"https:\/\/eldiariodesanpedro.com.ar\/sitio\/wp-json\/wp\/v2\/posts\/42271\/revisions"}],"predecessor-version":[{"id":42272,"href":"https:\/\/eldiariodesanpedro.com.ar\/sitio\/wp-json\/wp\/v2\/posts\/42271\/revisions\/42272"}],"wp:featuredmedia":[{"embeddable":true,"href":"https:\/\/eldiariodesanpedro.com.ar\/sitio\/wp-json\/wp\/v2\/media\/11324"}],"wp:attachment":[{"href":"https:\/\/eldiariodesanpedro.com.ar\/sitio\/wp-json\/wp\/v2\/media?parent=42271"}],"wp:term":[{"taxonomy":"category","embeddable":true,"href":"https:\/\/eldiariodesanpedro.com.ar\/sitio\/wp-json\/wp\/v2\/categories?post=42271"},{"taxonomy":"post_tag","embeddable":true,"href":"https:\/\/eldiariodesanpedro.com.ar\/sitio\/wp-json\/wp\/v2\/tags?post=42271"}],"curies":[{"name":"wp","href":"https:\/\/api.w.org\/{rel}","templated":true}]}}