{"id":42256,"date":"2018-10-22T16:51:15","date_gmt":"2018-10-22T19:51:15","guid":{"rendered":"https:\/\/eldiariodesanpedro.com.ar\/sitio\/?p=42256"},"modified":"2018-10-22T16:51:15","modified_gmt":"2018-10-22T19:51:15","slug":"segundo-taller-sobre-cancer-de-mama-en-la-sociedad-italiana","status":"publish","type":"post","link":"https:\/\/eldiariodesanpedro.com.ar\/sitio\/segundo-taller-sobre-cancer-de-mama-en-la-sociedad-italiana\/","title":{"rendered":"Segundo Taller sobre C\u00e1ncer de Mama en la Sociedad Italiana"},"content":{"rendered":"<p><!-- VideographyWP Plugin Message: Automatic video embedding prevented by plugin options. --><br \/>\nEn el marco del mes de Lucha y Prevenci\u00f3n del C\u00e1ncer de Mama, se organiz\u00f3 el s\u00e1bado 20 de octubre, por segundo a\u00f1o consecutivo, un taller interactivo abierto a la comunidad organizado por un grupo de entidades e instituciones relacionadas con la salud con la participaci\u00f3n adem\u00e1s del sector p\u00fablico a trav\u00e9s de la Secretar\u00eda de Salud y el Hospital local.<\/p>\n<p>En el sal\u00f3n de la Sociedad Italiana y con una muy buena concurrencia, el encuentro fue abierto por el Dr. Mart\u00edn Barbi, m\u00e9dico especialista representante de Diagn\u00f3stico San Pedro.  Luego hicieron lo propio y destacaron la importancia de la iniciativa conjunta el Presidente del C\u00edrculo M\u00e9dico, Dr. Mario Bernasconi y el Director del Hospital, Dr. Javier Sualdea. <\/p>\n<p>Se brindaron charlas did\u00e1cticas a cargo de profesionales especialistas en tema y adem\u00e1s se propusieron presentaciones especiales. <\/p>\n<p>Las remeras \u00abRosas del Plata\u00bb de Tigre, un grupo de mujeres que padecieron c\u00e1ncer de mama y salen a remar en un bote especial llamado Drag\u00f3n adem\u00e1s de contar su historia, relataron su reciente participaci\u00f3n en una competencia internacional en Florencia Italia.<\/p>\n<p>Posteriormente hablaron sobre su actividad las representantes de \u201cPelucas Solidarias\u201d de Baradero, quienes recibieron donaci\u00f3n de pelo y mostraron c\u00f3mo confeccionan en forma artesanal las pelucas  y la Sra. Paula Estrada de Quimio con Pelo, cont\u00f3 su experiencia personal al transitar por la enfermedad, y mostr\u00f3 c\u00f3mo se confeccionan los cascos de gel que evitan la ca\u00edda de cabello durante el tratamiento quimioterapico.<\/p>\n<p>La organizaci\u00f3n agradece a todos los que colaboraron y al p\u00fablico asistente que se mostr\u00f3 entusiasmado y participativo dejando abiertas varias puertas para mejorar la salud de las mujeres de San Pedro.<\/p>\n<p><img decoding=\"async\" data-attachment-id=\"42258\" data-permalink=\"https:\/\/eldiariodesanpedro.com.ar\/sitio\/segundo-taller-sobre-cancer-de-mama-en-la-sociedad-italiana\/c3\/\" data-orig-file=\"https:\/\/eldiariodesanpedro.com.ar\/sitio\/wp-content\/uploads\/2018\/10\/c3.jpg\" data-orig-size=\"1280,622\" data-comments-opened=\"1\" data-image-meta=\"{&quot;aperture&quot;:&quot;0&quot;,&quot;credit&quot;:&quot;&quot;,&quot;camera&quot;:&quot;&quot;,&quot;caption&quot;:&quot;&quot;,&quot;created_timestamp&quot;:&quot;0&quot;,&quot;copyright&quot;:&quot;&quot;,&quot;focal_length&quot;:&quot;0&quot;,&quot;iso&quot;:&quot;0&quot;,&quot;shutter_speed&quot;:&quot;0&quot;,&quot;title&quot;:&quot;&quot;,&quot;orientation&quot;:&quot;0&quot;}\" data-image-title=\"c3\" data-image-description=\"\" data-image-caption=\"\" data-large-file=\"https:\/\/eldiariodesanpedro.com.ar\/sitio\/wp-content\/uploads\/2018\/10\/c3-1024x498.jpg\" data-src=\"https:\/\/eldiariodesanpedro.com.ar\/sitio\/wp-content\/uploads\/2018\/10\/c3-1024x498.jpg\" alt=\"\" width=\"660\" height=\"321\" class=\"alignnone size-large wp-image-42258 lazyload\" data-srcset=\"https:\/\/eldiariodesanpedro.com.ar\/sitio\/wp-content\/uploads\/2018\/10\/c3-1024x498.jpg 1024w, https:\/\/eldiariodesanpedro.com.ar\/sitio\/wp-content\/uploads\/2018\/10\/c3-300x146.jpg 300w, https:\/\/eldiariodesanpedro.com.ar\/sitio\/wp-content\/uploads\/2018\/10\/c3-768x373.jpg 768w, https:\/\/eldiariodesanpedro.com.ar\/sitio\/wp-content\/uploads\/2018\/10\/c3.jpg 1280w\" data-sizes=\"(max-width: 660px) 100vw, 660px\" src=\"data:image\/svg+xml;base64,PHN2ZyB3aWR0aD0iMSIgaGVpZ2h0PSIxIiB4bWxucz0iaHR0cDovL3d3dy53My5vcmcvMjAwMC9zdmciPjwvc3ZnPg==\" style=\"--smush-placeholder-width: 660px; --smush-placeholder-aspect-ratio: 660\/321;\" \/><\/p>\n<p><img decoding=\"async\" data-attachment-id=\"42259\" data-permalink=\"https:\/\/eldiariodesanpedro.com.ar\/sitio\/segundo-taller-sobre-cancer-de-mama-en-la-sociedad-italiana\/c4\/\" data-orig-file=\"https:\/\/eldiariodesanpedro.com.ar\/sitio\/wp-content\/uploads\/2018\/10\/c4.jpg\" data-orig-size=\"1280,622\" data-comments-opened=\"1\" data-image-meta=\"{&quot;aperture&quot;:&quot;0&quot;,&quot;credit&quot;:&quot;&quot;,&quot;camera&quot;:&quot;&quot;,&quot;caption&quot;:&quot;&quot;,&quot;created_timestamp&quot;:&quot;0&quot;,&quot;copyright&quot;:&quot;&quot;,&quot;focal_length&quot;:&quot;0&quot;,&quot;iso&quot;:&quot;0&quot;,&quot;shutter_speed&quot;:&quot;0&quot;,&quot;title&quot;:&quot;&quot;,&quot;orientation&quot;:&quot;0&quot;}\" data-image-title=\"c4\" data-image-description=\"\" data-image-caption=\"\" data-large-file=\"https:\/\/eldiariodesanpedro.com.ar\/sitio\/wp-content\/uploads\/2018\/10\/c4-1024x498.jpg\" data-src=\"https:\/\/eldiariodesanpedro.com.ar\/sitio\/wp-content\/uploads\/2018\/10\/c4-1024x498.jpg\" alt=\"\" width=\"660\" height=\"321\" class=\"alignnone size-large wp-image-42259 lazyload\" data-srcset=\"https:\/\/eldiariodesanpedro.com.ar\/sitio\/wp-content\/uploads\/2018\/10\/c4-1024x498.jpg 1024w, https:\/\/eldiariodesanpedro.com.ar\/sitio\/wp-content\/uploads\/2018\/10\/c4-300x146.jpg 300w, https:\/\/eldiariodesanpedro.com.ar\/sitio\/wp-content\/uploads\/2018\/10\/c4-768x373.jpg 768w, https:\/\/eldiariodesanpedro.com.ar\/sitio\/wp-content\/uploads\/2018\/10\/c4.jpg 1280w\" data-sizes=\"(max-width: 660px) 100vw, 660px\" src=\"data:image\/svg+xml;base64,PHN2ZyB3aWR0aD0iMSIgaGVpZ2h0PSIxIiB4bWxucz0iaHR0cDovL3d3dy53My5vcmcvMjAwMC9zdmciPjwvc3ZnPg==\" style=\"--smush-placeholder-width: 660px; --smush-placeholder-aspect-ratio: 660\/321;\" \/><\/p>\n<p><img decoding=\"async\" data-attachment-id=\"42257\" data-permalink=\"https:\/\/eldiariodesanpedro.com.ar\/sitio\/segundo-taller-sobre-cancer-de-mama-en-la-sociedad-italiana\/c1-2\/\" data-orig-file=\"https:\/\/eldiariodesanpedro.com.ar\/sitio\/wp-content\/uploads\/2018\/10\/c1.jpg\" data-orig-size=\"1280,622\" data-comments-opened=\"1\" data-image-meta=\"{&quot;aperture&quot;:&quot;0&quot;,&quot;credit&quot;:&quot;&quot;,&quot;camera&quot;:&quot;&quot;,&quot;caption&quot;:&quot;&quot;,&quot;created_timestamp&quot;:&quot;0&quot;,&quot;copyright&quot;:&quot;&quot;,&quot;focal_length&quot;:&quot;0&quot;,&quot;iso&quot;:&quot;0&quot;,&quot;shutter_speed&quot;:&quot;0&quot;,&quot;title&quot;:&quot;&quot;,&quot;orientation&quot;:&quot;0&quot;}\" data-image-title=\"c1\" data-image-description=\"\" data-image-caption=\"\" data-large-file=\"https:\/\/eldiariodesanpedro.com.ar\/sitio\/wp-content\/uploads\/2018\/10\/c1-1024x498.jpg\" data-src=\"https:\/\/eldiariodesanpedro.com.ar\/sitio\/wp-content\/uploads\/2018\/10\/c1-1024x498.jpg\" alt=\"\" width=\"660\" height=\"321\" class=\"alignnone size-large wp-image-42257 lazyload\" data-srcset=\"https:\/\/eldiariodesanpedro.com.ar\/sitio\/wp-content\/uploads\/2018\/10\/c1-1024x498.jpg 1024w, https:\/\/eldiariodesanpedro.com.ar\/sitio\/wp-content\/uploads\/2018\/10\/c1-300x146.jpg 300w, https:\/\/eldiariodesanpedro.com.ar\/sitio\/wp-content\/uploads\/2018\/10\/c1-768x373.jpg 768w, https:\/\/eldiariodesanpedro.com.ar\/sitio\/wp-content\/uploads\/2018\/10\/c1.jpg 1280w\" data-sizes=\"(max-width: 660px) 100vw, 660px\" src=\"data:image\/svg+xml;base64,PHN2ZyB3aWR0aD0iMSIgaGVpZ2h0PSIxIiB4bWxucz0iaHR0cDovL3d3dy53My5vcmcvMjAwMC9zdmciPjwvc3ZnPg==\" style=\"--smush-placeholder-width: 660px; --smush-placeholder-aspect-ratio: 660\/321;\" \/><\/p>\n","protected":false},"excerpt":{"rendered":"<p>En el marco del mes de Lucha y Prevenci\u00f3n del C\u00e1ncer de Mama, se organiz\u00f3 el s\u00e1bado 20 de octubre, por segundo a\u00f1o consecutivo, un taller interactivo abierto a la comunidad organizado por un grupo de entidades e instituciones relacionadas con la salud con la participaci\u00f3n adem\u00e1s del sector p\u00fablico a trav\u00e9s de la Secretar\u00eda [&hellip;]<\/p>\n","protected":false},"author":4,"featured_media":42257,"comment_status":"open","ping_status":"closed","sticky":false,"template":"","format":"standard","meta":{"om_disable_all_campaigns":false,"_jetpack_memberships_contains_paid_content":false,"footnotes":""},"categories":[101,2],"tags":[],"class_list":["post-42256","post","type-post","status-publish","format-standard","has-post-thumbnail","hentry","category-interes-general-locales","category-locales"],"aioseo_notices":[],"gutentor_comment":0,"jetpack_featured_media_url":"https:\/\/eldiariodesanpedro.com.ar\/sitio\/wp-content\/uploads\/2018\/10\/c1.jpg","jetpack_shortlink":"https:\/\/wp.me\/p6RhLt-aZy","jetpack_sharing_enabled":true,"_links":{"self":[{"href":"https:\/\/eldiariodesanpedro.com.ar\/sitio\/wp-json\/wp\/v2\/posts\/42256","targetHints":{"allow":["GET"]}}],"collection":[{"href":"https:\/\/eldiariodesanpedro.com.ar\/sitio\/wp-json\/wp\/v2\/posts"}],"about":[{"href":"https:\/\/eldiariodesanpedro.com.ar\/sitio\/wp-json\/wp\/v2\/types\/post"}],"author":[{"embeddable":true,"href":"https:\/\/eldiariodesanpedro.com.ar\/sitio\/wp-json\/wp\/v2\/users\/4"}],"replies":[{"embeddable":true,"href":"https:\/\/eldiariodesanpedro.com.ar\/sitio\/wp-json\/wp\/v2\/comments?post=42256"}],"version-history":[{"count":1,"href":"https:\/\/eldiariodesanpedro.com.ar\/sitio\/wp-json\/wp\/v2\/posts\/42256\/revisions"}],"predecessor-version":[{"id":42260,"href":"https:\/\/eldiariodesanpedro.com.ar\/sitio\/wp-json\/wp\/v2\/posts\/42256\/revisions\/42260"}],"wp:featuredmedia":[{"embeddable":true,"href":"https:\/\/eldiariodesanpedro.com.ar\/sitio\/wp-json\/wp\/v2\/media\/42257"}],"wp:attachment":[{"href":"https:\/\/eldiariodesanpedro.com.ar\/sitio\/wp-json\/wp\/v2\/media?parent=42256"}],"wp:term":[{"taxonomy":"category","embeddable":true,"href":"https:\/\/eldiariodesanpedro.com.ar\/sitio\/wp-json\/wp\/v2\/categories?post=42256"},{"taxonomy":"post_tag","embeddable":true,"href":"https:\/\/eldiariodesanpedro.com.ar\/sitio\/wp-json\/wp\/v2\/tags?post=42256"}],"curies":[{"name":"wp","href":"https:\/\/api.w.org\/{rel}","templated":true}]}}