{"id":42245,"date":"2018-10-22T10:33:03","date_gmt":"2018-10-22T13:33:03","guid":{"rendered":"https:\/\/eldiariodesanpedro.com.ar\/sitio\/?p=42245"},"modified":"2018-10-22T10:33:03","modified_gmt":"2018-10-22T13:33:03","slug":"nicolas-cava-partio-hacia-eeuu-para-competir-en-las-olimpiadas-bomberiles","status":"publish","type":"post","link":"https:\/\/eldiariodesanpedro.com.ar\/sitio\/nicolas-cava-partio-hacia-eeuu-para-competir-en-las-olimpiadas-bomberiles\/","title":{"rendered":"Nicol\u00e1s Cava parti\u00f3 hacia EEUU para competir en las olimp\u00edadas bomberiles"},"content":{"rendered":"<p><!-- VideographyWP Plugin Message: Automatic video embedding prevented by plugin options. --><br \/>\nEl bombero sampedrino ser\u00e1 el \u00fanico argentino en participar de tan importante evento.<\/p>\n<p>Una vez m\u00e1s el bombero Nicol\u00e1s Cava participar\u00e1 de la edici\u00f3n 2018 del Firefighter Combat Challenge que se realizar\u00e1 en Sacramento, California.<\/p>\n<p>Ya vivi\u00f3 una experiencia inolvidable el a\u00f1o anterior y ahora, tras imponerse en las competencias desarrolladas en nuestro pa\u00eds, se presentar\u00e1 con el objetivo de mejorar la performance del 2017.  <\/p>\n<p>Nicol\u00e1s Cava ser\u00e1 el \u00fanico bombero de am\u00e9rica latina en intervenir y tomar\u00e1 parte en las modalidades que la organizaci\u00f3n ha reglamentado.<\/p>\n<p>\u201cTodos los a\u00f1os hay nuevos desaf\u00edos\u201d, dijo Cava en el aire de FM G\u00e9nesis en donde estuvo acompa\u00f1ado por Mauro Rasio, presidente de Bomberos.<\/p>\n<p>\u201cLos chicos de Kuwait me invitaron a participar de unas pruebas en conjunto que es otra disciplina, nos vimos dos veces en la vida y tenemos una relaci\u00f3n b\u00e1rbara. Esas son las cosas que se generan en este tipo de encuentros\u201d, destac\u00f3.<\/p>\n<p>\u201cVa a ser otra competencia exigente, si el primer d\u00eda meto un buen tiempo tengo tres d\u00edas para llegar relajado a la final, sino es mucho m\u00e1s duro porque tengo que ir superando etapa y mejorar los tiempos\u201d.<\/p>\n<p>\u201cQuiero agradecer a todos los bomberos, Consejo Directivo y Cuerpo Activo, a los que colaboraron con la rifa, German L\u00f3pez, Bernardo Arnaldi, a la Municipalidad, en especial a Ram\u00f3n Salazar, a la Federaci\u00f3n 2 de Junio y a todos los que hicieron posible que pueda estar en esta nueva competencia\u201d, dijo. <\/p>\n<p>Fuente: San Pedro Informa<\/p>\n","protected":false},"excerpt":{"rendered":"<p>El bombero sampedrino ser\u00e1 el \u00fanico argentino en participar de tan importante evento. Una vez m\u00e1s el bombero Nicol\u00e1s Cava participar\u00e1 de la edici\u00f3n 2018 del Firefighter Combat Challenge que se realizar\u00e1 en Sacramento, California. Ya vivi\u00f3 una experiencia inolvidable el a\u00f1o anterior y ahora, tras imponerse en las competencias desarrolladas en nuestro pa\u00eds, se [&hellip;]<\/p>\n","protected":false},"author":4,"featured_media":42254,"comment_status":"open","ping_status":"closed","sticky":false,"template":"","format":"standard","meta":{"om_disable_all_campaigns":false,"_jetpack_memberships_contains_paid_content":false,"footnotes":""},"categories":[101,2],"tags":[],"class_list":["post-42245","post","type-post","status-publish","format-standard","has-post-thumbnail","hentry","category-interes-general-locales","category-locales"],"aioseo_notices":[],"gutentor_comment":0,"jetpack_featured_media_url":"https:\/\/eldiariodesanpedro.com.ar\/sitio\/wp-content\/uploads\/2018\/10\/WhatsApp-Image-2018-10-19-at-15.22.40.jpeg","jetpack_shortlink":"https:\/\/wp.me\/p6RhLt-aZn","jetpack_sharing_enabled":true,"_links":{"self":[{"href":"https:\/\/eldiariodesanpedro.com.ar\/sitio\/wp-json\/wp\/v2\/posts\/42245","targetHints":{"allow":["GET"]}}],"collection":[{"href":"https:\/\/eldiariodesanpedro.com.ar\/sitio\/wp-json\/wp\/v2\/posts"}],"about":[{"href":"https:\/\/eldiariodesanpedro.com.ar\/sitio\/wp-json\/wp\/v2\/types\/post"}],"author":[{"embeddable":true,"href":"https:\/\/eldiariodesanpedro.com.ar\/sitio\/wp-json\/wp\/v2\/users\/4"}],"replies":[{"embeddable":true,"href":"https:\/\/eldiariodesanpedro.com.ar\/sitio\/wp-json\/wp\/v2\/comments?post=42245"}],"version-history":[{"count":1,"href":"https:\/\/eldiariodesanpedro.com.ar\/sitio\/wp-json\/wp\/v2\/posts\/42245\/revisions"}],"predecessor-version":[{"id":42255,"href":"https:\/\/eldiariodesanpedro.com.ar\/sitio\/wp-json\/wp\/v2\/posts\/42245\/revisions\/42255"}],"wp:featuredmedia":[{"embeddable":true,"href":"https:\/\/eldiariodesanpedro.com.ar\/sitio\/wp-json\/wp\/v2\/media\/42254"}],"wp:attachment":[{"href":"https:\/\/eldiariodesanpedro.com.ar\/sitio\/wp-json\/wp\/v2\/media?parent=42245"}],"wp:term":[{"taxonomy":"category","embeddable":true,"href":"https:\/\/eldiariodesanpedro.com.ar\/sitio\/wp-json\/wp\/v2\/categories?post=42245"},{"taxonomy":"post_tag","embeddable":true,"href":"https:\/\/eldiariodesanpedro.com.ar\/sitio\/wp-json\/wp\/v2\/tags?post=42245"}],"curies":[{"name":"wp","href":"https:\/\/api.w.org\/{rel}","templated":true}]}}