{"id":42242,"date":"2018-10-22T10:07:27","date_gmt":"2018-10-22T13:07:27","guid":{"rendered":"https:\/\/eldiariodesanpedro.com.ar\/sitio\/?p=42242"},"modified":"2018-10-22T10:07:27","modified_gmt":"2018-10-22T13:07:27","slug":"vino-de-honor-con-musica-y-reconocimientos-en-los-85-anos-del-centro-de-comercio-industria-y-turismo","status":"publish","type":"post","link":"https:\/\/eldiariodesanpedro.com.ar\/sitio\/vino-de-honor-con-musica-y-reconocimientos-en-los-85-anos-del-centro-de-comercio-industria-y-turismo\/","title":{"rendered":"Vino de Honor con M\u00fasica y Reconocimientos en los 85 a\u00f1os del Centro de Comercio, Industria y Turismo"},"content":{"rendered":"<p><!-- VideographyWP Plugin Message: Automatic video embedding prevented by plugin options. --><br \/>\nEl Centro de Comercio Industria y Turismo de San Pedro celebrar\u00e1 este viernes sus 85 a\u00f1os de vida. La instituci\u00f3n naci\u00f3 el 26 de Octubre de 1933 y desde entonces ha estado presente en cada momento importante y en cada anhelo compartido por todos los que llevaremos por siempre en el coraz\u00f3n, esa llama c\u00e1lida que nos identifica como sampedrinos. <\/p>\n<p>Por tal motivo se ha previsto un Vino de Honor al que lo invitamos, para recordar la fecha, que contar\u00e1 con la actuaci\u00f3n del \u00abEnsamble del Conservatorio Provincial de M\u00fasica de San Pedro\u00bb y la entrega de reconocimientos especiales a comerciantes, empresarios y vecinos que desde diferentes espacios hacen un aporte a la actividad econ\u00f3mica, el empleo y el desarrollo de iniciativas que benefician a la comunidad.<\/p>\n<p>La cita es en el Sal\u00f3n de los Espejos el viernes 26 de Octubre a las 21.30. Los esperamos<\/p>\n","protected":false},"excerpt":{"rendered":"<p>El Centro de Comercio Industria y Turismo de San Pedro celebrar\u00e1 este viernes sus 85 a\u00f1os de vida. La instituci\u00f3n naci\u00f3 el 26 de Octubre de 1933 y desde entonces ha estado presente en cada momento importante y en cada anhelo compartido por todos los que llevaremos por siempre en el coraz\u00f3n, esa llama c\u00e1lida [&hellip;]<\/p>\n","protected":false},"author":4,"featured_media":32119,"comment_status":"open","ping_status":"closed","sticky":false,"template":"","format":"standard","meta":{"om_disable_all_campaigns":false,"_jetpack_memberships_contains_paid_content":false,"footnotes":""},"categories":[101,2],"tags":[],"class_list":["post-42242","post","type-post","status-publish","format-standard","has-post-thumbnail","hentry","category-interes-general-locales","category-locales"],"aioseo_notices":[],"gutentor_comment":0,"jetpack_featured_media_url":"https:\/\/eldiariodesanpedro.com.ar\/sitio\/wp-content\/uploads\/2018\/04\/centro-de-comercio-e-industria-san-pedro.jpg","jetpack_shortlink":"https:\/\/wp.me\/p6RhLt-aZk","jetpack_sharing_enabled":true,"_links":{"self":[{"href":"https:\/\/eldiariodesanpedro.com.ar\/sitio\/wp-json\/wp\/v2\/posts\/42242","targetHints":{"allow":["GET"]}}],"collection":[{"href":"https:\/\/eldiariodesanpedro.com.ar\/sitio\/wp-json\/wp\/v2\/posts"}],"about":[{"href":"https:\/\/eldiariodesanpedro.com.ar\/sitio\/wp-json\/wp\/v2\/types\/post"}],"author":[{"embeddable":true,"href":"https:\/\/eldiariodesanpedro.com.ar\/sitio\/wp-json\/wp\/v2\/users\/4"}],"replies":[{"embeddable":true,"href":"https:\/\/eldiariodesanpedro.com.ar\/sitio\/wp-json\/wp\/v2\/comments?post=42242"}],"version-history":[{"count":1,"href":"https:\/\/eldiariodesanpedro.com.ar\/sitio\/wp-json\/wp\/v2\/posts\/42242\/revisions"}],"predecessor-version":[{"id":42243,"href":"https:\/\/eldiariodesanpedro.com.ar\/sitio\/wp-json\/wp\/v2\/posts\/42242\/revisions\/42243"}],"wp:featuredmedia":[{"embeddable":true,"href":"https:\/\/eldiariodesanpedro.com.ar\/sitio\/wp-json\/wp\/v2\/media\/32119"}],"wp:attachment":[{"href":"https:\/\/eldiariodesanpedro.com.ar\/sitio\/wp-json\/wp\/v2\/media?parent=42242"}],"wp:term":[{"taxonomy":"category","embeddable":true,"href":"https:\/\/eldiariodesanpedro.com.ar\/sitio\/wp-json\/wp\/v2\/categories?post=42242"},{"taxonomy":"post_tag","embeddable":true,"href":"https:\/\/eldiariodesanpedro.com.ar\/sitio\/wp-json\/wp\/v2\/tags?post=42242"}],"curies":[{"name":"wp","href":"https:\/\/api.w.org\/{rel}","templated":true}]}}