{"id":42239,"date":"2018-10-22T10:08:34","date_gmt":"2018-10-22T13:08:34","guid":{"rendered":"https:\/\/eldiariodesanpedro.com.ar\/sitio\/?p=42239"},"modified":"2018-10-22T10:08:34","modified_gmt":"2018-10-22T13:08:34","slug":"dos-menores-aprehendidos-por-robar-un-televisor-de-una-vivienda","status":"publish","type":"post","link":"https:\/\/eldiariodesanpedro.com.ar\/sitio\/dos-menores-aprehendidos-por-robar-un-televisor-de-una-vivienda\/","title":{"rendered":"Dos menores aprehendidos por robar un televisor de una vivienda"},"content":{"rendered":"<p><!-- VideographyWP Plugin Message: Automatic video embedding prevented by plugin options. --><br \/>\nEsta madrugada personal policial logr\u00f3 la aprehensi\u00f3n de dos menores de 14 y 15 a\u00f1os de edad que hab\u00edan robado un televisor. El elemento sustra\u00eddo fue recuperado.<\/p>\n<p>El hecho ocurri\u00f3 en una vivienda ubicada en cercan\u00edas de  calle Basavilbaso y cruce ferroviario, dos menores ignorados ingresan y logran sustraer un televisor; los efectivos alertados logran la aprehensi\u00f3n de los mismo a una cuadra del lugar.<\/p>\n<p>Se logra recuperar el televisor y los aprehendidos son trasladados a la Dependencia local donde intervino la fiscal\u00eda en turno juvenil de San Nicol\u00e1s, los menores recuperaron su libertad.<\/p>\n","protected":false},"excerpt":{"rendered":"<p>Esta madrugada personal policial logr\u00f3 la aprehensi\u00f3n de dos menores de 14 y 15 a\u00f1os de edad que hab\u00edan robado un televisor. El elemento sustra\u00eddo fue recuperado. El hecho ocurri\u00f3 en una vivienda ubicada en cercan\u00edas de calle Basavilbaso y cruce ferroviario, dos menores ignorados ingresan y logran sustraer un televisor; los efectivos alertados logran [&hellip;]<\/p>\n","protected":false},"author":4,"featured_media":30195,"comment_status":"open","ping_status":"closed","sticky":false,"template":"","format":"standard","meta":{"om_disable_all_campaigns":false,"_jetpack_memberships_contains_paid_content":false,"footnotes":""},"categories":[2,103],"tags":[],"class_list":["post-42239","post","type-post","status-publish","format-standard","has-post-thumbnail","hentry","category-locales","category-policiales-locales"],"aioseo_notices":[],"gutentor_comment":0,"jetpack_featured_media_url":"https:\/\/eldiariodesanpedro.com.ar\/sitio\/wp-content\/uploads\/2018\/03\/Aprehendido-y-ofuscado.jpg","jetpack_shortlink":"https:\/\/wp.me\/p6RhLt-aZh","jetpack_sharing_enabled":true,"_links":{"self":[{"href":"https:\/\/eldiariodesanpedro.com.ar\/sitio\/wp-json\/wp\/v2\/posts\/42239","targetHints":{"allow":["GET"]}}],"collection":[{"href":"https:\/\/eldiariodesanpedro.com.ar\/sitio\/wp-json\/wp\/v2\/posts"}],"about":[{"href":"https:\/\/eldiariodesanpedro.com.ar\/sitio\/wp-json\/wp\/v2\/types\/post"}],"author":[{"embeddable":true,"href":"https:\/\/eldiariodesanpedro.com.ar\/sitio\/wp-json\/wp\/v2\/users\/4"}],"replies":[{"embeddable":true,"href":"https:\/\/eldiariodesanpedro.com.ar\/sitio\/wp-json\/wp\/v2\/comments?post=42239"}],"version-history":[{"count":1,"href":"https:\/\/eldiariodesanpedro.com.ar\/sitio\/wp-json\/wp\/v2\/posts\/42239\/revisions"}],"predecessor-version":[{"id":42244,"href":"https:\/\/eldiariodesanpedro.com.ar\/sitio\/wp-json\/wp\/v2\/posts\/42239\/revisions\/42244"}],"wp:featuredmedia":[{"embeddable":true,"href":"https:\/\/eldiariodesanpedro.com.ar\/sitio\/wp-json\/wp\/v2\/media\/30195"}],"wp:attachment":[{"href":"https:\/\/eldiariodesanpedro.com.ar\/sitio\/wp-json\/wp\/v2\/media?parent=42239"}],"wp:term":[{"taxonomy":"category","embeddable":true,"href":"https:\/\/eldiariodesanpedro.com.ar\/sitio\/wp-json\/wp\/v2\/categories?post=42239"},{"taxonomy":"post_tag","embeddable":true,"href":"https:\/\/eldiariodesanpedro.com.ar\/sitio\/wp-json\/wp\/v2\/tags?post=42239"}],"curies":[{"name":"wp","href":"https:\/\/api.w.org\/{rel}","templated":true}]}}