{"id":42238,"date":"2018-10-22T10:01:09","date_gmt":"2018-10-22T13:01:09","guid":{"rendered":"https:\/\/eldiariodesanpedro.com.ar\/sitio\/?p=42238"},"modified":"2018-10-22T10:01:09","modified_gmt":"2018-10-22T13:01:09","slug":"se-celebraron-los-100-anos-de-la-ep-n-24-de-la-buena-moza","status":"publish","type":"post","link":"https:\/\/eldiariodesanpedro.com.ar\/sitio\/se-celebraron-los-100-anos-de-la-ep-n-24-de-la-buena-moza\/","title":{"rendered":"Se celebraron los 100 a\u00f1os de la EP N\u00b0 24 de la Buena Moza"},"content":{"rendered":"<p><!-- VideographyWP Plugin Message: Automatic video embedding prevented by plugin options. --><br \/>\nLa EP N\u00ba24 de La Buena Moza celebr\u00f3 sus 100 a\u00f1os con una fiesta a la que concurrieron representantes del Gobierno Municipal, del Concejo Deliberante y del Consejo Escolar.<\/p>\n<p>  Ex alumnos, ex docentes, padres y ni\u00f1os concurrentes en la actualidad disfrutaron de una divertida tarde que por supuesto incluy\u00f3 el corte de una torta alusiva. A lo largo de todo este tiempo, esta instituci\u00f3n educativa, una de las m\u00e1s antiguas de del Partido de San Pedro ha tenido un rol fundamental en la educaci\u00f3n inicial de quienes viviendo en los alrededores tuvieron all\u00ed sus primeros a\u00f1os escolares.<\/p>\n<p>  Saludamos y recordamos a quienes fueron y son parte de este homenaje y de esta gran fiesta<\/p>\n","protected":false},"excerpt":{"rendered":"<p>La EP N\u00ba24 de La Buena Moza celebr\u00f3 sus 100 a\u00f1os con una fiesta a la que concurrieron representantes del Gobierno Municipal, del Concejo Deliberante y del Consejo Escolar. Ex alumnos, ex docentes, padres y ni\u00f1os concurrentes en la actualidad disfrutaron de una divertida tarde que por supuesto incluy\u00f3 el corte de una torta alusiva. [&hellip;]<\/p>\n","protected":false},"author":4,"featured_media":42240,"comment_status":"open","ping_status":"closed","sticky":false,"template":"","format":"standard","meta":{"om_disable_all_campaigns":false,"_jetpack_memberships_contains_paid_content":false,"footnotes":""},"categories":[101,2],"tags":[],"class_list":["post-42238","post","type-post","status-publish","format-standard","has-post-thumbnail","hentry","category-interes-general-locales","category-locales"],"aioseo_notices":[],"gutentor_comment":0,"jetpack_featured_media_url":"https:\/\/eldiariodesanpedro.com.ar\/sitio\/wp-content\/uploads\/2018\/10\/WhatsApp-Image-2018-10-21-at-17.20.57-6.jpeg","jetpack_shortlink":"https:\/\/wp.me\/p6RhLt-aZg","jetpack_sharing_enabled":true,"_links":{"self":[{"href":"https:\/\/eldiariodesanpedro.com.ar\/sitio\/wp-json\/wp\/v2\/posts\/42238","targetHints":{"allow":["GET"]}}],"collection":[{"href":"https:\/\/eldiariodesanpedro.com.ar\/sitio\/wp-json\/wp\/v2\/posts"}],"about":[{"href":"https:\/\/eldiariodesanpedro.com.ar\/sitio\/wp-json\/wp\/v2\/types\/post"}],"author":[{"embeddable":true,"href":"https:\/\/eldiariodesanpedro.com.ar\/sitio\/wp-json\/wp\/v2\/users\/4"}],"replies":[{"embeddable":true,"href":"https:\/\/eldiariodesanpedro.com.ar\/sitio\/wp-json\/wp\/v2\/comments?post=42238"}],"version-history":[{"count":1,"href":"https:\/\/eldiariodesanpedro.com.ar\/sitio\/wp-json\/wp\/v2\/posts\/42238\/revisions"}],"predecessor-version":[{"id":42241,"href":"https:\/\/eldiariodesanpedro.com.ar\/sitio\/wp-json\/wp\/v2\/posts\/42238\/revisions\/42241"}],"wp:featuredmedia":[{"embeddable":true,"href":"https:\/\/eldiariodesanpedro.com.ar\/sitio\/wp-json\/wp\/v2\/media\/42240"}],"wp:attachment":[{"href":"https:\/\/eldiariodesanpedro.com.ar\/sitio\/wp-json\/wp\/v2\/media?parent=42238"}],"wp:term":[{"taxonomy":"category","embeddable":true,"href":"https:\/\/eldiariodesanpedro.com.ar\/sitio\/wp-json\/wp\/v2\/categories?post=42238"},{"taxonomy":"post_tag","embeddable":true,"href":"https:\/\/eldiariodesanpedro.com.ar\/sitio\/wp-json\/wp\/v2\/tags?post=42238"}],"curies":[{"name":"wp","href":"https:\/\/api.w.org\/{rel}","templated":true}]}}