{"id":42234,"date":"2018-10-22T09:56:43","date_gmt":"2018-10-22T12:56:43","guid":{"rendered":"https:\/\/eldiariodesanpedro.com.ar\/sitio\/?p=42234"},"modified":"2018-10-22T09:56:43","modified_gmt":"2018-10-22T12:56:43","slug":"charla-en-santa-lucia-nuestra-basura-del-rio-al-mar-impacto-en-la-fauna-marina-y-el-paisaje-costero","status":"publish","type":"post","link":"https:\/\/eldiariodesanpedro.com.ar\/sitio\/charla-en-santa-lucia-nuestra-basura-del-rio-al-mar-impacto-en-la-fauna-marina-y-el-paisaje-costero\/","title":{"rendered":"Charla en Santa Luc\u00eda: \u00abNuestra basura, del r\u00edo al mar: impacto en la fauna marina y el paisaje costero\u00bb"},"content":{"rendered":"<p><!-- VideographyWP Plugin Message: Automatic video embedding prevented by plugin options. --><br \/>\nEl grupo Santa Luc\u00eda Ecol\u00f3gica invita a toda la comunidad a la disertaci\u00f3n del Dr. Diego Albareda. Su charla titulada \u00abNuestra basura, del r\u00edo al mar: impacto en la fauna marina y el paisaje costero\u00bb que se desarrollar\u00e1 el martes 23 de octubre a las 14:00 en el sal\u00f3n del Club de Jubilados de Santa Luc\u00eda.<\/p>\n<p>  El Dr. Albareda es un prestigioso cient\u00edfico abocado a la investigaci\u00f3n y conservaci\u00f3n de ambientes marinos, siendo la contaminaci\u00f3n provocada por micropl\u00e1sticos uno de sus principales objetos de estudio.  Es m\u00e9dico veterinario de la UBA; posee un Magister en Gesti\u00f3n Ambiental; es miembro del Depto de Conservaci\u00f3n del Ecoparque de Buenos Aires, Ministerio de Ambiente y Espacio P\u00fablico CABA; tambi\u00e9n representante argentino ante el Comit\u00e9 Cient\u00edfico de la Conservaci\u00f3n Interamericana para la Conservaci\u00f3n y Protecci\u00f3n de las Tortugas Marinas (CIT); miembro fundador del programa de Conservaci\u00f3n e Investigaci\u00f3n de Tortugas Marinas en Argentina (PRICTMA); representante sudamericano en la 17\u00b0 Reuni\u00f3n de las Naciones Unidas sobre los Oc\u00e9anos y el Derecho del Mar (cuando presid\u00eda la CIT); autor de innumerables publicaciones cient\u00edficas; y promotor de campa\u00f1as de limpieza y censo de la basura en distintas playas y costas argentinas y de sudam\u00e9rica.<\/p>\n<p>  La charla est\u00e1 destinada a alumnos de las escuelas secundarias y a la comunidad en general, en adhesi\u00f3n a la 24\u00b0 Semana de la Juventud. <\/p>\n<p>  Auspicia delegaci\u00f3n de Santa Luc\u00eda, Municipalidad de San Pedro.<\/p>\n","protected":false},"excerpt":{"rendered":"<p>El grupo Santa Luc\u00eda Ecol\u00f3gica invita a toda la comunidad a la disertaci\u00f3n del Dr. Diego Albareda. Su charla titulada \u00abNuestra basura, del r\u00edo al mar: impacto en la fauna marina y el paisaje costero\u00bb que se desarrollar\u00e1 el martes 23 de octubre a las 14:00 en el sal\u00f3n del Club de Jubilados de Santa [&hellip;]<\/p>\n","protected":false},"author":4,"featured_media":42235,"comment_status":"open","ping_status":"closed","sticky":false,"template":"","format":"standard","meta":{"om_disable_all_campaigns":false,"_jetpack_memberships_contains_paid_content":false,"footnotes":""},"categories":[101,2],"tags":[],"class_list":["post-42234","post","type-post","status-publish","format-standard","has-post-thumbnail","hentry","category-interes-general-locales","category-locales"],"aioseo_notices":[],"gutentor_comment":0,"jetpack_featured_media_url":"https:\/\/eldiariodesanpedro.com.ar\/sitio\/wp-content\/uploads\/2018\/10\/Efem\u00e9rides-GENERALES-agosto.png","jetpack_shortlink":"https:\/\/wp.me\/p6RhLt-aZc","jetpack_sharing_enabled":true,"_links":{"self":[{"href":"https:\/\/eldiariodesanpedro.com.ar\/sitio\/wp-json\/wp\/v2\/posts\/42234","targetHints":{"allow":["GET"]}}],"collection":[{"href":"https:\/\/eldiariodesanpedro.com.ar\/sitio\/wp-json\/wp\/v2\/posts"}],"about":[{"href":"https:\/\/eldiariodesanpedro.com.ar\/sitio\/wp-json\/wp\/v2\/types\/post"}],"author":[{"embeddable":true,"href":"https:\/\/eldiariodesanpedro.com.ar\/sitio\/wp-json\/wp\/v2\/users\/4"}],"replies":[{"embeddable":true,"href":"https:\/\/eldiariodesanpedro.com.ar\/sitio\/wp-json\/wp\/v2\/comments?post=42234"}],"version-history":[{"count":1,"href":"https:\/\/eldiariodesanpedro.com.ar\/sitio\/wp-json\/wp\/v2\/posts\/42234\/revisions"}],"predecessor-version":[{"id":42237,"href":"https:\/\/eldiariodesanpedro.com.ar\/sitio\/wp-json\/wp\/v2\/posts\/42234\/revisions\/42237"}],"wp:featuredmedia":[{"embeddable":true,"href":"https:\/\/eldiariodesanpedro.com.ar\/sitio\/wp-json\/wp\/v2\/media\/42235"}],"wp:attachment":[{"href":"https:\/\/eldiariodesanpedro.com.ar\/sitio\/wp-json\/wp\/v2\/media?parent=42234"}],"wp:term":[{"taxonomy":"category","embeddable":true,"href":"https:\/\/eldiariodesanpedro.com.ar\/sitio\/wp-json\/wp\/v2\/categories?post=42234"},{"taxonomy":"post_tag","embeddable":true,"href":"https:\/\/eldiariodesanpedro.com.ar\/sitio\/wp-json\/wp\/v2\/tags?post=42234"}],"curies":[{"name":"wp","href":"https:\/\/api.w.org\/{rel}","templated":true}]}}