{"id":42233,"date":"2018-10-22T09:56:28","date_gmt":"2018-10-22T12:56:28","guid":{"rendered":"https:\/\/eldiariodesanpedro.com.ar\/sitio\/?p=42233"},"modified":"2018-10-22T09:56:28","modified_gmt":"2018-10-22T12:56:28","slug":"violencia-de-genero-golpeo-a-su-pareja-mientras-caminaban-por-la-via-publica","status":"publish","type":"post","link":"https:\/\/eldiariodesanpedro.com.ar\/sitio\/violencia-de-genero-golpeo-a-su-pareja-mientras-caminaban-por-la-via-publica\/","title":{"rendered":"Violencia de g\u00e9nero: Golpe\u00f3 a su pareja mientras caminaban por la v\u00eda p\u00fablica"},"content":{"rendered":"<p><!-- VideographyWP Plugin Message: Automatic video embedding prevented by plugin options. --><br \/>\nUn nuevo caso de violencia familiar se produjo este fin de semana, que seg\u00fan cuenta el parte policial, es el segundo caso donde una mujer es golpeada, en este por su pareja. Tambi\u00e9n un hombre fue aprehendido por violar la prohibici\u00f3n de acercamiento a su ex pareja, en este caso no logr\u00f3 agredirla. <\/p>\n<p>El hecho ocurri\u00f3, el domingo por la ma\u00f1ana cuando una pareja de j\u00f3venes iba caminando por  calle Azcuenaga al 500, momento en que por una discusi\u00f3n que se torna agresiva el masculino golpea a su pareja.<\/p>\n<p>Personal policial alertado de esta situaci\u00f3n, arriba al lugar logrando la aprehensi\u00f3n del agresor de 20 a\u00f1os de edad y traslado a la Dependencia, en cuanto a la victima el medico de guardia dictamin\u00f3 lesiones de car\u00e1cter leve.<\/p>\n<p>Tambi\u00e9n en horas del mediod\u00eda, en intersecci\u00f3n de las calles Fray Cayetano Rodr\u00edguez y Sargento Selada,  procede a la aprehensi\u00f3n de un hombre de 48, quien desobedeci\u00f3 prohibici\u00f3n de acercamiento a su ex pareja otorgado por el Juzgado de Paz Letrado San Pedro S\/VIOLENCIA FAMILIAR. En este caso no hubo agresiones.<\/p>\n","protected":false},"excerpt":{"rendered":"<p>Un nuevo caso de violencia familiar se produjo este fin de semana, que seg\u00fan cuenta el parte policial, es el segundo caso donde una mujer es golpeada, en este por su pareja. Tambi\u00e9n un hombre fue aprehendido por violar la prohibici\u00f3n de acercamiento a su ex pareja, en este caso no logr\u00f3 agredirla. El hecho [&hellip;]<\/p>\n","protected":false},"author":4,"featured_media":38083,"comment_status":"open","ping_status":"closed","sticky":false,"template":"","format":"standard","meta":{"om_disable_all_campaigns":false,"_jetpack_memberships_contains_paid_content":false,"footnotes":""},"categories":[2,103],"tags":[],"class_list":["post-42233","post","type-post","status-publish","format-standard","has-post-thumbnail","hentry","category-locales","category-policiales-locales"],"aioseo_notices":[],"gutentor_comment":0,"jetpack_featured_media_url":"https:\/\/eldiariodesanpedro.com.ar\/sitio\/wp-content\/uploads\/2018\/08\/violencia-familiar.jpg","jetpack_shortlink":"https:\/\/wp.me\/p6RhLt-aZb","jetpack_sharing_enabled":true,"_links":{"self":[{"href":"https:\/\/eldiariodesanpedro.com.ar\/sitio\/wp-json\/wp\/v2\/posts\/42233","targetHints":{"allow":["GET"]}}],"collection":[{"href":"https:\/\/eldiariodesanpedro.com.ar\/sitio\/wp-json\/wp\/v2\/posts"}],"about":[{"href":"https:\/\/eldiariodesanpedro.com.ar\/sitio\/wp-json\/wp\/v2\/types\/post"}],"author":[{"embeddable":true,"href":"https:\/\/eldiariodesanpedro.com.ar\/sitio\/wp-json\/wp\/v2\/users\/4"}],"replies":[{"embeddable":true,"href":"https:\/\/eldiariodesanpedro.com.ar\/sitio\/wp-json\/wp\/v2\/comments?post=42233"}],"version-history":[{"count":1,"href":"https:\/\/eldiariodesanpedro.com.ar\/sitio\/wp-json\/wp\/v2\/posts\/42233\/revisions"}],"predecessor-version":[{"id":42236,"href":"https:\/\/eldiariodesanpedro.com.ar\/sitio\/wp-json\/wp\/v2\/posts\/42233\/revisions\/42236"}],"wp:featuredmedia":[{"embeddable":true,"href":"https:\/\/eldiariodesanpedro.com.ar\/sitio\/wp-json\/wp\/v2\/media\/38083"}],"wp:attachment":[{"href":"https:\/\/eldiariodesanpedro.com.ar\/sitio\/wp-json\/wp\/v2\/media?parent=42233"}],"wp:term":[{"taxonomy":"category","embeddable":true,"href":"https:\/\/eldiariodesanpedro.com.ar\/sitio\/wp-json\/wp\/v2\/categories?post=42233"},{"taxonomy":"post_tag","embeddable":true,"href":"https:\/\/eldiariodesanpedro.com.ar\/sitio\/wp-json\/wp\/v2\/tags?post=42233"}],"curies":[{"name":"wp","href":"https:\/\/api.w.org\/{rel}","templated":true}]}}