{"id":42229,"date":"2018-10-22T08:50:52","date_gmt":"2018-10-22T11:50:52","guid":{"rendered":"https:\/\/eldiariodesanpedro.com.ar\/sitio\/?p=42229"},"modified":"2018-10-22T08:50:52","modified_gmt":"2018-10-22T11:50:52","slug":"violento-la-puerta-de-su-casa-y-la-golpeo","status":"publish","type":"post","link":"https:\/\/eldiariodesanpedro.com.ar\/sitio\/violento-la-puerta-de-su-casa-y-la-golpeo\/","title":{"rendered":"Violento la puerta de su casa y la golpe\u00f3"},"content":{"rendered":"<p><!-- VideographyWP Plugin Message: Automatic video embedding prevented by plugin options. --><br \/>\nEn la madrugada de este domingo, personal policial arrib\u00f3 a un domicilio sito en calle  Hermano Indio y Brennan, donde se estaba produciendo una situaci\u00f3n de violencia familiar.<\/p>\n<p>En el interior, una mujer de 28 a\u00f1os de edad, fue encontrada en su vivienda cuando su ex pareja ingres\u00f3 violentando la puerta de frente y le produce una lesi\u00f3n golpe\u00e1ndola con un elemento contundente; la v\u00edctima cont\u00f3 que encuentran separados desde hace 8 meses.<\/p>\n<p>El agresor es un hombre de 45 a\u00f1os de edad,los efectivos lograron su aprehensi\u00f3n,  y fue trasladado a la Dependencia Local, la victima fue trasladada al Hospital, el m\u00e9dico dictamin\u00f3 que las lesiones son de car\u00e1cter leve.<\/p>\n<p>Tambi\u00e9n, en intersecci\u00f3n de calle Pellegrini y H. Pueyrred\u00f3n, un hombre de 42, iba caminando por la vereda y lo aborda un sujeto al cual conoce, quien comenz\u00f3 a amenazarlo de muerte y le propino varios golpes de pu\u00f1o. Segun la victima por problemas de larga data.<\/p>\n<p>El medico del Hospital dictamina lesiones de car\u00e1cter leves.<\/p>\n","protected":false},"excerpt":{"rendered":"<p>En la madrugada de este domingo, personal policial arrib\u00f3 a un domicilio sito en calle Hermano Indio y Brennan, donde se estaba produciendo una situaci\u00f3n de violencia familiar. En el interior, una mujer de 28 a\u00f1os de edad, fue encontrada en su vivienda cuando su ex pareja ingres\u00f3 violentando la puerta de frente y le [&hellip;]<\/p>\n","protected":false},"author":4,"featured_media":10486,"comment_status":"open","ping_status":"closed","sticky":false,"template":"","format":"standard","meta":{"om_disable_all_campaigns":false,"_jetpack_memberships_contains_paid_content":false,"footnotes":""},"categories":[2,103],"tags":[],"class_list":["post-42229","post","type-post","status-publish","format-standard","has-post-thumbnail","hentry","category-locales","category-policiales-locales"],"aioseo_notices":[],"gutentor_comment":0,"jetpack_featured_media_url":"https:\/\/eldiariodesanpedro.com.ar\/sitio\/wp-content\/uploads\/2016\/11\/violencia-de-genero.jpg","jetpack_shortlink":"https:\/\/wp.me\/p6RhLt-aZ7","jetpack_sharing_enabled":true,"_links":{"self":[{"href":"https:\/\/eldiariodesanpedro.com.ar\/sitio\/wp-json\/wp\/v2\/posts\/42229","targetHints":{"allow":["GET"]}}],"collection":[{"href":"https:\/\/eldiariodesanpedro.com.ar\/sitio\/wp-json\/wp\/v2\/posts"}],"about":[{"href":"https:\/\/eldiariodesanpedro.com.ar\/sitio\/wp-json\/wp\/v2\/types\/post"}],"author":[{"embeddable":true,"href":"https:\/\/eldiariodesanpedro.com.ar\/sitio\/wp-json\/wp\/v2\/users\/4"}],"replies":[{"embeddable":true,"href":"https:\/\/eldiariodesanpedro.com.ar\/sitio\/wp-json\/wp\/v2\/comments?post=42229"}],"version-history":[{"count":1,"href":"https:\/\/eldiariodesanpedro.com.ar\/sitio\/wp-json\/wp\/v2\/posts\/42229\/revisions"}],"predecessor-version":[{"id":42230,"href":"https:\/\/eldiariodesanpedro.com.ar\/sitio\/wp-json\/wp\/v2\/posts\/42229\/revisions\/42230"}],"wp:featuredmedia":[{"embeddable":true,"href":"https:\/\/eldiariodesanpedro.com.ar\/sitio\/wp-json\/wp\/v2\/media\/10486"}],"wp:attachment":[{"href":"https:\/\/eldiariodesanpedro.com.ar\/sitio\/wp-json\/wp\/v2\/media?parent=42229"}],"wp:term":[{"taxonomy":"category","embeddable":true,"href":"https:\/\/eldiariodesanpedro.com.ar\/sitio\/wp-json\/wp\/v2\/categories?post=42229"},{"taxonomy":"post_tag","embeddable":true,"href":"https:\/\/eldiariodesanpedro.com.ar\/sitio\/wp-json\/wp\/v2\/tags?post=42229"}],"curies":[{"name":"wp","href":"https:\/\/api.w.org\/{rel}","templated":true}]}}