{"id":42202,"date":"2018-10-20T12:07:14","date_gmt":"2018-10-20T15:07:14","guid":{"rendered":"https:\/\/eldiariodesanpedro.com.ar\/sitio\/?p=42202"},"modified":"2018-10-20T12:07:14","modified_gmt":"2018-10-20T15:07:14","slug":"san-pedro-recibio-a-sus-deportistas-con-una-emocionante-caravana","status":"publish","type":"post","link":"https:\/\/eldiariodesanpedro.com.ar\/sitio\/san-pedro-recibio-a-sus-deportistas-con-una-emocionante-caravana\/","title":{"rendered":"San Pedro recibi\u00f3 a sus deportistas con una emocionante caravana"},"content":{"rendered":"<p><!-- VideographyWP Plugin Message: Automatic video embedding prevented by plugin options. --><br \/>\nEl viernes, en la tarde noche, se vivi\u00f3 algo hist\u00f3rico en San Pedro, los deportistas que hab\u00edan participado en los Juegos Ol\u00edmpicos de la Juventud 2018 en Buenos Aires, hab\u00edan llegado a su ciudad, luego de haber tenido una brillante actuaci\u00f3n.<\/p>\n<p>Fue una bienvenida cargada de orgullo y emoci\u00f3n, el campe\u00f3n ol\u00edmpico Dante Cittadini, el medallista de bronce Valent\u00edn Rossi, la sexta mejor del mundo Rebeca D&#8217;estefano y el capit\u00e1n del equipo ol\u00edmpico de vela Nicol\u00e1s Schardogorsky, iniciaron una hist\u00f3rica caravana.  <\/p>\n<p>El primer autobomba del cuartel de Bomberos Voluntarios los traslad\u00f3 por las calles de la ciudad, donde las l\u00e1grimas y el aplauso de la gente hizo estremecer a los propios deportistas que no pod\u00edan creer lo que estaban viviendo. <\/p>\n<p>La caravana finaliz\u00f3 en el Club N\u00e1utico, donde fueron reconocidos y declarados, junto a los hermanos tambi\u00e9n olimpistas Julio y Mart\u00edn Alsogaray, y Gonzalo Carreras, \u00absocios honorarios\u00bb de la instituci\u00f3n. <\/p>\n<p><img decoding=\"async\" data-attachment-id=\"42207\" data-permalink=\"https:\/\/eldiariodesanpedro.com.ar\/sitio\/san-pedro-recibio-a-sus-deportistas-con-una-emocionante-caravana\/44444461_1145934358890912_3874825709545324544_n\/\" data-orig-file=\"https:\/\/eldiariodesanpedro.com.ar\/sitio\/wp-content\/uploads\/2018\/10\/44444461_1145934358890912_3874825709545324544_n.jpg\" data-orig-size=\"960,960\" data-comments-opened=\"1\" data-image-meta=\"{&quot;aperture&quot;:&quot;0&quot;,&quot;credit&quot;:&quot;&quot;,&quot;camera&quot;:&quot;&quot;,&quot;caption&quot;:&quot;&quot;,&quot;created_timestamp&quot;:&quot;0&quot;,&quot;copyright&quot;:&quot;&quot;,&quot;focal_length&quot;:&quot;0&quot;,&quot;iso&quot;:&quot;0&quot;,&quot;shutter_speed&quot;:&quot;0&quot;,&quot;title&quot;:&quot;&quot;,&quot;orientation&quot;:&quot;0&quot;}\" data-image-title=\"44444461_1145934358890912_3874825709545324544_n\" data-image-description=\"\" data-image-caption=\"\" data-large-file=\"https:\/\/eldiariodesanpedro.com.ar\/sitio\/wp-content\/uploads\/2018\/10\/44444461_1145934358890912_3874825709545324544_n.jpg\" data-src=\"https:\/\/eldiariodesanpedro.com.ar\/sitio\/wp-content\/uploads\/2018\/10\/44444461_1145934358890912_3874825709545324544_n.jpg\" alt=\"\" width=\"960\" height=\"960\" class=\"alignnone size-full wp-image-42207 lazyload\" data-srcset=\"https:\/\/eldiariodesanpedro.com.ar\/sitio\/wp-content\/uploads\/2018\/10\/44444461_1145934358890912_3874825709545324544_n.jpg 960w, https:\/\/eldiariodesanpedro.com.ar\/sitio\/wp-content\/uploads\/2018\/10\/44444461_1145934358890912_3874825709545324544_n-150x150.jpg 150w, https:\/\/eldiariodesanpedro.com.ar\/sitio\/wp-content\/uploads\/2018\/10\/44444461_1145934358890912_3874825709545324544_n-300x300.jpg 300w, https:\/\/eldiariodesanpedro.com.ar\/sitio\/wp-content\/uploads\/2018\/10\/44444461_1145934358890912_3874825709545324544_n-768x768.jpg 768w\" data-sizes=\"(max-width: 960px) 100vw, 960px\" src=\"data:image\/svg+xml;base64,PHN2ZyB3aWR0aD0iMSIgaGVpZ2h0PSIxIiB4bWxucz0iaHR0cDovL3d3dy53My5vcmcvMjAwMC9zdmciPjwvc3ZnPg==\" style=\"--smush-placeholder-width: 960px; --smush-placeholder-aspect-ratio: 960\/960;\" \/><\/p>\n<p><img decoding=\"async\" data-attachment-id=\"42206\" data-permalink=\"https:\/\/eldiariodesanpedro.com.ar\/sitio\/san-pedro-recibio-a-sus-deportistas-con-una-emocionante-caravana\/44380820_1145934755557539_838516283493318656_n\/\" data-orig-file=\"https:\/\/eldiariodesanpedro.com.ar\/sitio\/wp-content\/uploads\/2018\/10\/44380820_1145934755557539_838516283493318656_n.jpg\" data-orig-size=\"960,960\" data-comments-opened=\"1\" data-image-meta=\"{&quot;aperture&quot;:&quot;0&quot;,&quot;credit&quot;:&quot;&quot;,&quot;camera&quot;:&quot;&quot;,&quot;caption&quot;:&quot;&quot;,&quot;created_timestamp&quot;:&quot;0&quot;,&quot;copyright&quot;:&quot;&quot;,&quot;focal_length&quot;:&quot;0&quot;,&quot;iso&quot;:&quot;0&quot;,&quot;shutter_speed&quot;:&quot;0&quot;,&quot;title&quot;:&quot;&quot;,&quot;orientation&quot;:&quot;0&quot;}\" data-image-title=\"44380820_1145934755557539_838516283493318656_n\" data-image-description=\"\" data-image-caption=\"\" data-large-file=\"https:\/\/eldiariodesanpedro.com.ar\/sitio\/wp-content\/uploads\/2018\/10\/44380820_1145934755557539_838516283493318656_n.jpg\" data-src=\"https:\/\/eldiariodesanpedro.com.ar\/sitio\/wp-content\/uploads\/2018\/10\/44380820_1145934755557539_838516283493318656_n.jpg\" alt=\"\" width=\"960\" height=\"960\" class=\"alignnone size-full wp-image-42206 lazyload\" data-srcset=\"https:\/\/eldiariodesanpedro.com.ar\/sitio\/wp-content\/uploads\/2018\/10\/44380820_1145934755557539_838516283493318656_n.jpg 960w, https:\/\/eldiariodesanpedro.com.ar\/sitio\/wp-content\/uploads\/2018\/10\/44380820_1145934755557539_838516283493318656_n-150x150.jpg 150w, https:\/\/eldiariodesanpedro.com.ar\/sitio\/wp-content\/uploads\/2018\/10\/44380820_1145934755557539_838516283493318656_n-300x300.jpg 300w, https:\/\/eldiariodesanpedro.com.ar\/sitio\/wp-content\/uploads\/2018\/10\/44380820_1145934755557539_838516283493318656_n-768x768.jpg 768w\" data-sizes=\"(max-width: 960px) 100vw, 960px\" src=\"data:image\/svg+xml;base64,PHN2ZyB3aWR0aD0iMSIgaGVpZ2h0PSIxIiB4bWxucz0iaHR0cDovL3d3dy53My5vcmcvMjAwMC9zdmciPjwvc3ZnPg==\" style=\"--smush-placeholder-width: 960px; --smush-placeholder-aspect-ratio: 960\/960;\" \/><\/p>\n<p><img decoding=\"async\" data-attachment-id=\"42205\" data-permalink=\"https:\/\/eldiariodesanpedro.com.ar\/sitio\/san-pedro-recibio-a-sus-deportistas-con-una-emocionante-caravana\/44330612_1145934588890889_8475964886021570560_n\/\" data-orig-file=\"https:\/\/eldiariodesanpedro.com.ar\/sitio\/wp-content\/uploads\/2018\/10\/44330612_1145934588890889_8475964886021570560_n.jpg\" data-orig-size=\"960,960\" data-comments-opened=\"1\" data-image-meta=\"{&quot;aperture&quot;:&quot;0&quot;,&quot;credit&quot;:&quot;&quot;,&quot;camera&quot;:&quot;&quot;,&quot;caption&quot;:&quot;&quot;,&quot;created_timestamp&quot;:&quot;0&quot;,&quot;copyright&quot;:&quot;&quot;,&quot;focal_length&quot;:&quot;0&quot;,&quot;iso&quot;:&quot;0&quot;,&quot;shutter_speed&quot;:&quot;0&quot;,&quot;title&quot;:&quot;&quot;,&quot;orientation&quot;:&quot;0&quot;}\" data-image-title=\"44330612_1145934588890889_8475964886021570560_n\" data-image-description=\"\" data-image-caption=\"\" data-large-file=\"https:\/\/eldiariodesanpedro.com.ar\/sitio\/wp-content\/uploads\/2018\/10\/44330612_1145934588890889_8475964886021570560_n.jpg\" data-src=\"https:\/\/eldiariodesanpedro.com.ar\/sitio\/wp-content\/uploads\/2018\/10\/44330612_1145934588890889_8475964886021570560_n.jpg\" alt=\"\" width=\"960\" height=\"960\" class=\"alignnone size-full wp-image-42205 lazyload\" data-srcset=\"https:\/\/eldiariodesanpedro.com.ar\/sitio\/wp-content\/uploads\/2018\/10\/44330612_1145934588890889_8475964886021570560_n.jpg 960w, https:\/\/eldiariodesanpedro.com.ar\/sitio\/wp-content\/uploads\/2018\/10\/44330612_1145934588890889_8475964886021570560_n-150x150.jpg 150w, https:\/\/eldiariodesanpedro.com.ar\/sitio\/wp-content\/uploads\/2018\/10\/44330612_1145934588890889_8475964886021570560_n-300x300.jpg 300w, https:\/\/eldiariodesanpedro.com.ar\/sitio\/wp-content\/uploads\/2018\/10\/44330612_1145934588890889_8475964886021570560_n-768x768.jpg 768w\" data-sizes=\"(max-width: 960px) 100vw, 960px\" src=\"data:image\/svg+xml;base64,PHN2ZyB3aWR0aD0iMSIgaGVpZ2h0PSIxIiB4bWxucz0iaHR0cDovL3d3dy53My5vcmcvMjAwMC9zdmciPjwvc3ZnPg==\" style=\"--smush-placeholder-width: 960px; --smush-placeholder-aspect-ratio: 960\/960;\" \/><\/p>\n<p><img decoding=\"async\" data-attachment-id=\"42204\" data-permalink=\"https:\/\/eldiariodesanpedro.com.ar\/sitio\/san-pedro-recibio-a-sus-deportistas-con-una-emocionante-caravana\/44319282_1145919608892387_5319076559531802624_o\/\" data-orig-file=\"https:\/\/eldiariodesanpedro.com.ar\/sitio\/wp-content\/uploads\/2018\/10\/44319282_1145919608892387_5319076559531802624_o.jpg\" data-orig-size=\"2937,1427\" data-comments-opened=\"1\" data-image-meta=\"{&quot;aperture&quot;:&quot;0&quot;,&quot;credit&quot;:&quot;&quot;,&quot;camera&quot;:&quot;&quot;,&quot;caption&quot;:&quot;&quot;,&quot;created_timestamp&quot;:&quot;0&quot;,&quot;copyright&quot;:&quot;&quot;,&quot;focal_length&quot;:&quot;0&quot;,&quot;iso&quot;:&quot;0&quot;,&quot;shutter_speed&quot;:&quot;0&quot;,&quot;title&quot;:&quot;&quot;,&quot;orientation&quot;:&quot;0&quot;}\" data-image-title=\"44319282_1145919608892387_5319076559531802624_o\" data-image-description=\"\" data-image-caption=\"\" data-large-file=\"https:\/\/eldiariodesanpedro.com.ar\/sitio\/wp-content\/uploads\/2018\/10\/44319282_1145919608892387_5319076559531802624_o-1024x498.jpg\" data-src=\"https:\/\/eldiariodesanpedro.com.ar\/sitio\/wp-content\/uploads\/2018\/10\/44319282_1145919608892387_5319076559531802624_o-1024x498.jpg\" alt=\"\" width=\"660\" height=\"321\" class=\"alignnone size-large wp-image-42204 lazyload\" data-srcset=\"https:\/\/eldiariodesanpedro.com.ar\/sitio\/wp-content\/uploads\/2018\/10\/44319282_1145919608892387_5319076559531802624_o-1024x498.jpg 1024w, https:\/\/eldiariodesanpedro.com.ar\/sitio\/wp-content\/uploads\/2018\/10\/44319282_1145919608892387_5319076559531802624_o-300x146.jpg 300w, https:\/\/eldiariodesanpedro.com.ar\/sitio\/wp-content\/uploads\/2018\/10\/44319282_1145919608892387_5319076559531802624_o-768x373.jpg 768w\" data-sizes=\"(max-width: 660px) 100vw, 660px\" src=\"data:image\/svg+xml;base64,PHN2ZyB3aWR0aD0iMSIgaGVpZ2h0PSIxIiB4bWxucz0iaHR0cDovL3d3dy53My5vcmcvMjAwMC9zdmciPjwvc3ZnPg==\" style=\"--smush-placeholder-width: 660px; --smush-placeholder-aspect-ratio: 660\/321;\" \/><\/p>\n<p><img decoding=\"async\" data-attachment-id=\"42203\" data-permalink=\"https:\/\/eldiariodesanpedro.com.ar\/sitio\/san-pedro-recibio-a-sus-deportistas-con-una-emocionante-caravana\/44310977_1145934388890909_9175091596515868672_n\/\" data-orig-file=\"https:\/\/eldiariodesanpedro.com.ar\/sitio\/wp-content\/uploads\/2018\/10\/44310977_1145934388890909_9175091596515868672_n.jpg\" data-orig-size=\"960,960\" data-comments-opened=\"1\" data-image-meta=\"{&quot;aperture&quot;:&quot;0&quot;,&quot;credit&quot;:&quot;&quot;,&quot;camera&quot;:&quot;&quot;,&quot;caption&quot;:&quot;&quot;,&quot;created_timestamp&quot;:&quot;0&quot;,&quot;copyright&quot;:&quot;&quot;,&quot;focal_length&quot;:&quot;0&quot;,&quot;iso&quot;:&quot;0&quot;,&quot;shutter_speed&quot;:&quot;0&quot;,&quot;title&quot;:&quot;&quot;,&quot;orientation&quot;:&quot;0&quot;}\" data-image-title=\"44310977_1145934388890909_9175091596515868672_n\" data-image-description=\"\" data-image-caption=\"\" data-large-file=\"https:\/\/eldiariodesanpedro.com.ar\/sitio\/wp-content\/uploads\/2018\/10\/44310977_1145934388890909_9175091596515868672_n.jpg\" data-src=\"https:\/\/eldiariodesanpedro.com.ar\/sitio\/wp-content\/uploads\/2018\/10\/44310977_1145934388890909_9175091596515868672_n.jpg\" alt=\"\" width=\"960\" height=\"960\" class=\"alignnone size-full wp-image-42203 lazyload\" data-srcset=\"https:\/\/eldiariodesanpedro.com.ar\/sitio\/wp-content\/uploads\/2018\/10\/44310977_1145934388890909_9175091596515868672_n.jpg 960w, https:\/\/eldiariodesanpedro.com.ar\/sitio\/wp-content\/uploads\/2018\/10\/44310977_1145934388890909_9175091596515868672_n-150x150.jpg 150w, https:\/\/eldiariodesanpedro.com.ar\/sitio\/wp-content\/uploads\/2018\/10\/44310977_1145934388890909_9175091596515868672_n-300x300.jpg 300w, https:\/\/eldiariodesanpedro.com.ar\/sitio\/wp-content\/uploads\/2018\/10\/44310977_1145934388890909_9175091596515868672_n-768x768.jpg 768w\" data-sizes=\"(max-width: 960px) 100vw, 960px\" src=\"data:image\/svg+xml;base64,PHN2ZyB3aWR0aD0iMSIgaGVpZ2h0PSIxIiB4bWxucz0iaHR0cDovL3d3dy53My5vcmcvMjAwMC9zdmciPjwvc3ZnPg==\" style=\"--smush-placeholder-width: 960px; --smush-placeholder-aspect-ratio: 960\/960;\" \/><\/p>\n<p>Esta ma\u00f1ana, en el Sal\u00f3n Dorado del Palacio Municipal, fueron invitados a una recepci\u00f3n especial, encabezada por el Intendente Cecilio Salazar, en reconocimiento a sus actuaciones  en los Juegos Ol\u00edmpicos.<\/p>\n<p><img decoding=\"async\" data-attachment-id=\"42208\" data-permalink=\"https:\/\/eldiariodesanpedro.com.ar\/sitio\/san-pedro-recibio-a-sus-deportistas-con-una-emocionante-caravana\/44571480_1146309438853404_1410000229557600256_n\/\" data-orig-file=\"https:\/\/eldiariodesanpedro.com.ar\/sitio\/wp-content\/uploads\/2018\/10\/44571480_1146309438853404_1410000229557600256_n.jpg\" data-orig-size=\"960,793\" data-comments-opened=\"1\" data-image-meta=\"{&quot;aperture&quot;:&quot;0&quot;,&quot;credit&quot;:&quot;&quot;,&quot;camera&quot;:&quot;&quot;,&quot;caption&quot;:&quot;&quot;,&quot;created_timestamp&quot;:&quot;0&quot;,&quot;copyright&quot;:&quot;&quot;,&quot;focal_length&quot;:&quot;0&quot;,&quot;iso&quot;:&quot;0&quot;,&quot;shutter_speed&quot;:&quot;0&quot;,&quot;title&quot;:&quot;&quot;,&quot;orientation&quot;:&quot;0&quot;}\" data-image-title=\"44571480_1146309438853404_1410000229557600256_n\" data-image-description=\"\" data-image-caption=\"\" data-large-file=\"https:\/\/eldiariodesanpedro.com.ar\/sitio\/wp-content\/uploads\/2018\/10\/44571480_1146309438853404_1410000229557600256_n.jpg\" data-src=\"https:\/\/eldiariodesanpedro.com.ar\/sitio\/wp-content\/uploads\/2018\/10\/44571480_1146309438853404_1410000229557600256_n.jpg\" alt=\"\" width=\"960\" height=\"793\" class=\"alignnone size-full wp-image-42208 lazyload\" data-srcset=\"https:\/\/eldiariodesanpedro.com.ar\/sitio\/wp-content\/uploads\/2018\/10\/44571480_1146309438853404_1410000229557600256_n.jpg 960w, https:\/\/eldiariodesanpedro.com.ar\/sitio\/wp-content\/uploads\/2018\/10\/44571480_1146309438853404_1410000229557600256_n-300x248.jpg 300w, https:\/\/eldiariodesanpedro.com.ar\/sitio\/wp-content\/uploads\/2018\/10\/44571480_1146309438853404_1410000229557600256_n-768x634.jpg 768w\" data-sizes=\"(max-width: 960px) 100vw, 960px\" src=\"data:image\/svg+xml;base64,PHN2ZyB3aWR0aD0iMSIgaGVpZ2h0PSIxIiB4bWxucz0iaHR0cDovL3d3dy53My5vcmcvMjAwMC9zdmciPjwvc3ZnPg==\" style=\"--smush-placeholder-width: 960px; --smush-placeholder-aspect-ratio: 960\/793;\" \/><\/p>\n","protected":false},"excerpt":{"rendered":"<p>El viernes, en la tarde noche, se vivi\u00f3 algo hist\u00f3rico en San Pedro, los deportistas que hab\u00edan participado en los Juegos Ol\u00edmpicos de la Juventud 2018 en Buenos Aires, hab\u00edan llegado a su ciudad, luego de haber tenido una brillante actuaci\u00f3n. Fue una bienvenida cargada de orgullo y emoci\u00f3n, el campe\u00f3n ol\u00edmpico Dante Cittadini, el [&hellip;]<\/p>\n","protected":false},"author":4,"featured_media":42207,"comment_status":"open","ping_status":"closed","sticky":false,"template":"","format":"standard","meta":{"om_disable_all_campaigns":false,"_jetpack_memberships_contains_paid_content":false,"footnotes":""},"categories":[50,101,2],"tags":[],"class_list":["post-42202","post","type-post","status-publish","format-standard","has-post-thumbnail","hentry","category-destacadas","category-interes-general-locales","category-locales"],"aioseo_notices":[],"gutentor_comment":0,"jetpack_featured_media_url":"https:\/\/eldiariodesanpedro.com.ar\/sitio\/wp-content\/uploads\/2018\/10\/44444461_1145934358890912_3874825709545324544_n.jpg","jetpack_shortlink":"https:\/\/wp.me\/p6RhLt-aYG","jetpack_sharing_enabled":true,"_links":{"self":[{"href":"https:\/\/eldiariodesanpedro.com.ar\/sitio\/wp-json\/wp\/v2\/posts\/42202","targetHints":{"allow":["GET"]}}],"collection":[{"href":"https:\/\/eldiariodesanpedro.com.ar\/sitio\/wp-json\/wp\/v2\/posts"}],"about":[{"href":"https:\/\/eldiariodesanpedro.com.ar\/sitio\/wp-json\/wp\/v2\/types\/post"}],"author":[{"embeddable":true,"href":"https:\/\/eldiariodesanpedro.com.ar\/sitio\/wp-json\/wp\/v2\/users\/4"}],"replies":[{"embeddable":true,"href":"https:\/\/eldiariodesanpedro.com.ar\/sitio\/wp-json\/wp\/v2\/comments?post=42202"}],"version-history":[{"count":1,"href":"https:\/\/eldiariodesanpedro.com.ar\/sitio\/wp-json\/wp\/v2\/posts\/42202\/revisions"}],"predecessor-version":[{"id":42209,"href":"https:\/\/eldiariodesanpedro.com.ar\/sitio\/wp-json\/wp\/v2\/posts\/42202\/revisions\/42209"}],"wp:featuredmedia":[{"embeddable":true,"href":"https:\/\/eldiariodesanpedro.com.ar\/sitio\/wp-json\/wp\/v2\/media\/42207"}],"wp:attachment":[{"href":"https:\/\/eldiariodesanpedro.com.ar\/sitio\/wp-json\/wp\/v2\/media?parent=42202"}],"wp:term":[{"taxonomy":"category","embeddable":true,"href":"https:\/\/eldiariodesanpedro.com.ar\/sitio\/wp-json\/wp\/v2\/categories?post=42202"},{"taxonomy":"post_tag","embeddable":true,"href":"https:\/\/eldiariodesanpedro.com.ar\/sitio\/wp-json\/wp\/v2\/tags?post=42202"}],"curies":[{"name":"wp","href":"https:\/\/api.w.org\/{rel}","templated":true}]}}