{"id":42196,"date":"2018-10-20T11:36:29","date_gmt":"2018-10-20T14:36:29","guid":{"rendered":"https:\/\/eldiariodesanpedro.com.ar\/sitio\/?p=42196"},"modified":"2018-10-20T11:36:29","modified_gmt":"2018-10-20T14:36:29","slug":"incendio-total-de-una-vivienda-esta-madrugada-su-propietaria-sospecha-que-fue-intencional","status":"publish","type":"post","link":"https:\/\/eldiariodesanpedro.com.ar\/sitio\/incendio-total-de-una-vivienda-esta-madrugada-su-propietaria-sospecha-que-fue-intencional\/","title":{"rendered":"Incendio total de una vivienda esta madrugada, su propietaria sospecha que fue intencional"},"content":{"rendered":"<p><!-- VideographyWP Plugin Message: Automatic video embedding prevented by plugin options. --><br \/>\nEn el interior de la vivienda no se encontraba ninguna persona y hay sospechas de un supuesto incendio intencional. Trabaj\u00f3 una dotaci\u00f3n de bomberos con 6 personas en el lugar. Tuvieron que desclavar una chapa para ventilar y poder seguir propagando el incendio.<\/p>\n<p>El siniestro ocurri\u00f3 esta madrugada, alrededor de las 3hs, bomberos recibi\u00f3 un llamado y arrib\u00f3 a un domicilio ubicado en calle Fray del Pozo y Manuel Iglesias, al llegar se encuentran con una vivienda con su totalidad incendiada en una pieza, parte de otra y con propagaci\u00f3n en una casa lindera.<\/p>\n<p>Dialogamos con Montenegro quien estuvo a cargo del evento y cont\u00f3: \u00abno hab\u00eda nadie cuando llegamos, ni en el interior ni en las afueras de la casa, trabajamos una hora para apagar el fuego, que estaba la pieza prendida toda en su totalidad y otra pieza casi toda tambien, y controlar la vivienda de al lado que se estaba propagando en ella; trabajamos 6 personas en el lugar, tuvimos que desclavar tres chapas para poder ventilar porque nos estabamos sofocando y no pod\u00edamos seguir con el fuego\u00bb.<\/p>\n<p>Por otro lado, en el parte policial, cuenta que una mujer de  40 a\u00f1os de edad, que entre la noche de ayer y la madrugada de hoy en ausencia de moradores, su vivienda se incendi\u00f3 parcialmente, habiendo intervenido bomberos locales y la cual tiene una sospecha por  intencionalidad con una persona que mantiene conflictos desde d\u00edas atr\u00e1s. <\/p>\n<p>Investiga el hecho la fiscal\u00eda local.<\/p>\n","protected":false},"excerpt":{"rendered":"<p>En el interior de la vivienda no se encontraba ninguna persona y hay sospechas de un supuesto incendio intencional. Trabaj\u00f3 una dotaci\u00f3n de bomberos con 6 personas en el lugar. Tuvieron que desclavar una chapa para ventilar y poder seguir propagando el incendio. El siniestro ocurri\u00f3 esta madrugada, alrededor de las 3hs, bomberos recibi\u00f3 un [&hellip;]<\/p>\n","protected":false},"author":4,"featured_media":10494,"comment_status":"open","ping_status":"closed","sticky":false,"template":"","format":"standard","meta":{"om_disable_all_campaigns":false,"_jetpack_memberships_contains_paid_content":false,"footnotes":""},"categories":[50,2,103],"tags":[],"class_list":["post-42196","post","type-post","status-publish","format-standard","has-post-thumbnail","hentry","category-destacadas","category-locales","category-policiales-locales"],"aioseo_notices":[],"gutentor_comment":0,"jetpack_featured_media_url":"https:\/\/eldiariodesanpedro.com.ar\/sitio\/wp-content\/uploads\/2016\/11\/bomberos-voluntarios.jpg","jetpack_shortlink":"https:\/\/wp.me\/p6RhLt-aYA","jetpack_sharing_enabled":true,"_links":{"self":[{"href":"https:\/\/eldiariodesanpedro.com.ar\/sitio\/wp-json\/wp\/v2\/posts\/42196","targetHints":{"allow":["GET"]}}],"collection":[{"href":"https:\/\/eldiariodesanpedro.com.ar\/sitio\/wp-json\/wp\/v2\/posts"}],"about":[{"href":"https:\/\/eldiariodesanpedro.com.ar\/sitio\/wp-json\/wp\/v2\/types\/post"}],"author":[{"embeddable":true,"href":"https:\/\/eldiariodesanpedro.com.ar\/sitio\/wp-json\/wp\/v2\/users\/4"}],"replies":[{"embeddable":true,"href":"https:\/\/eldiariodesanpedro.com.ar\/sitio\/wp-json\/wp\/v2\/comments?post=42196"}],"version-history":[{"count":1,"href":"https:\/\/eldiariodesanpedro.com.ar\/sitio\/wp-json\/wp\/v2\/posts\/42196\/revisions"}],"predecessor-version":[{"id":42197,"href":"https:\/\/eldiariodesanpedro.com.ar\/sitio\/wp-json\/wp\/v2\/posts\/42196\/revisions\/42197"}],"wp:featuredmedia":[{"embeddable":true,"href":"https:\/\/eldiariodesanpedro.com.ar\/sitio\/wp-json\/wp\/v2\/media\/10494"}],"wp:attachment":[{"href":"https:\/\/eldiariodesanpedro.com.ar\/sitio\/wp-json\/wp\/v2\/media?parent=42196"}],"wp:term":[{"taxonomy":"category","embeddable":true,"href":"https:\/\/eldiariodesanpedro.com.ar\/sitio\/wp-json\/wp\/v2\/categories?post=42196"},{"taxonomy":"post_tag","embeddable":true,"href":"https:\/\/eldiariodesanpedro.com.ar\/sitio\/wp-json\/wp\/v2\/tags?post=42196"}],"curies":[{"name":"wp","href":"https:\/\/api.w.org\/{rel}","templated":true}]}}