{"id":42194,"date":"2018-10-20T11:18:32","date_gmt":"2018-10-20T14:18:32","guid":{"rendered":"https:\/\/eldiariodesanpedro.com.ar\/sitio\/?p=42194"},"modified":"2018-10-20T11:18:32","modified_gmt":"2018-10-20T14:18:32","slug":"un-menor-aprehendido-por-provocar-danos-en-un-auto-y-otro-por-resistirse-a-la-autoridad","status":"publish","type":"post","link":"https:\/\/eldiariodesanpedro.com.ar\/sitio\/un-menor-aprehendido-por-provocar-danos-en-un-auto-y-otro-por-resistirse-a-la-autoridad\/","title":{"rendered":"Un menor  aprehendido por provocar da\u00f1os en un auto y otro por resistirse a la autoridad"},"content":{"rendered":"<p><!-- VideographyWP Plugin Message: Automatic video embedding prevented by plugin options. --><br \/>\nEsta madrugada personal policial arrib\u00f3 a dos distintas direcciones donde se tratar\u00eda de sospechosos que se resistieron a la autoridad y otros donde se encontraban da\u00f1ando un auto en la v\u00eda p\u00fablica. Fueron aprehendidos menores de edad.<\/p>\n<p>Cerca de las 1:30 de la madrugada, acuden a calle D\u00e1vila al  60, donde abr\u00eda dos j\u00f3venes sospechosos, al arribo interceptan a uno de ellos quien se resiste, amenazando con un arma blanca, quien se logra reducirlo y la aprehensi\u00f3n del mismo.<\/p>\n<p>Mas tarde, personal de comisaria alertada, acude a calle 3 de Febrero y Sarmiento, donde aprehenden a dos j\u00f3venes, uno mayor de 19 y el restante menor de 17, quienes instantes antes provocaron da\u00f1os intencionales (luneta trasera) en autom\u00f3vil marca fiat duna estacionado en el lugar.<\/p>\n<p>Ambos casos interviene UFI Juvenil procediendo a  recaudos legales y entrega de menores a responsables mayores.<\/p>\n","protected":false},"excerpt":{"rendered":"<p>Esta madrugada personal policial arrib\u00f3 a dos distintas direcciones donde se tratar\u00eda de sospechosos que se resistieron a la autoridad y otros donde se encontraban da\u00f1ando un auto en la v\u00eda p\u00fablica. Fueron aprehendidos menores de edad. Cerca de las 1:30 de la madrugada, acuden a calle D\u00e1vila al 60, donde abr\u00eda dos j\u00f3venes sospechosos, [&hellip;]<\/p>\n","protected":false},"author":4,"featured_media":13372,"comment_status":"open","ping_status":"closed","sticky":false,"template":"","format":"standard","meta":{"om_disable_all_campaigns":false,"_jetpack_memberships_contains_paid_content":false,"footnotes":""},"categories":[2,103],"tags":[],"class_list":["post-42194","post","type-post","status-publish","format-standard","has-post-thumbnail","hentry","category-locales","category-policiales-locales"],"aioseo_notices":[],"gutentor_comment":0,"jetpack_featured_media_url":"https:\/\/eldiariodesanpedro.com.ar\/sitio\/wp-content\/uploads\/2017\/01\/Patrulla-4-e1485286120389.jpg","jetpack_shortlink":"https:\/\/wp.me\/p6RhLt-aYy","jetpack_sharing_enabled":true,"_links":{"self":[{"href":"https:\/\/eldiariodesanpedro.com.ar\/sitio\/wp-json\/wp\/v2\/posts\/42194","targetHints":{"allow":["GET"]}}],"collection":[{"href":"https:\/\/eldiariodesanpedro.com.ar\/sitio\/wp-json\/wp\/v2\/posts"}],"about":[{"href":"https:\/\/eldiariodesanpedro.com.ar\/sitio\/wp-json\/wp\/v2\/types\/post"}],"author":[{"embeddable":true,"href":"https:\/\/eldiariodesanpedro.com.ar\/sitio\/wp-json\/wp\/v2\/users\/4"}],"replies":[{"embeddable":true,"href":"https:\/\/eldiariodesanpedro.com.ar\/sitio\/wp-json\/wp\/v2\/comments?post=42194"}],"version-history":[{"count":1,"href":"https:\/\/eldiariodesanpedro.com.ar\/sitio\/wp-json\/wp\/v2\/posts\/42194\/revisions"}],"predecessor-version":[{"id":42195,"href":"https:\/\/eldiariodesanpedro.com.ar\/sitio\/wp-json\/wp\/v2\/posts\/42194\/revisions\/42195"}],"wp:featuredmedia":[{"embeddable":true,"href":"https:\/\/eldiariodesanpedro.com.ar\/sitio\/wp-json\/wp\/v2\/media\/13372"}],"wp:attachment":[{"href":"https:\/\/eldiariodesanpedro.com.ar\/sitio\/wp-json\/wp\/v2\/media?parent=42194"}],"wp:term":[{"taxonomy":"category","embeddable":true,"href":"https:\/\/eldiariodesanpedro.com.ar\/sitio\/wp-json\/wp\/v2\/categories?post=42194"},{"taxonomy":"post_tag","embeddable":true,"href":"https:\/\/eldiariodesanpedro.com.ar\/sitio\/wp-json\/wp\/v2\/tags?post=42194"}],"curies":[{"name":"wp","href":"https:\/\/api.w.org\/{rel}","templated":true}]}}