{"id":42184,"date":"2018-10-20T10:18:55","date_gmt":"2018-10-20T13:18:55","guid":{"rendered":"https:\/\/eldiariodesanpedro.com.ar\/sitio\/?p=42184"},"modified":"2018-10-20T10:18:55","modified_gmt":"2018-10-20T13:18:55","slug":"balanza-municipal-los-trabajadores-ya-tienen-agua-y-bano","status":"publish","type":"post","link":"https:\/\/eldiariodesanpedro.com.ar\/sitio\/balanza-municipal-los-trabajadores-ya-tienen-agua-y-bano\/","title":{"rendered":"Balanza Municipal: Los trabajadores ya tienen agua y ba\u00f1o"},"content":{"rendered":"<p><!-- VideographyWP Plugin Message: Automatic video embedding prevented by plugin options. --><br \/>\nEn la ma\u00f1ana del viernes, gente del Ministerio de Trabajo se hizo presente sorpresivamente en la Balanza Municipal, por segunda vez, para poder constatar la faltante de cosas que denunciaban los trabajadores hace largo tiempo.<\/p>\n<p><img decoding=\"async\" data-attachment-id=\"42187\" data-permalink=\"https:\/\/eldiariodesanpedro.com.ar\/sitio\/balanza-municipal-los-trabajadores-ya-tienen-agua-y-bano\/whatsapp-image-2018-10-19-at-12-07-15\/\" data-orig-file=\"https:\/\/eldiariodesanpedro.com.ar\/sitio\/wp-content\/uploads\/2018\/10\/WhatsApp-Image-2018-10-19-at-12.07.15.jpeg\" data-orig-size=\"1040,780\" data-comments-opened=\"1\" data-image-meta=\"{&quot;aperture&quot;:&quot;0&quot;,&quot;credit&quot;:&quot;&quot;,&quot;camera&quot;:&quot;&quot;,&quot;caption&quot;:&quot;&quot;,&quot;created_timestamp&quot;:&quot;0&quot;,&quot;copyright&quot;:&quot;&quot;,&quot;focal_length&quot;:&quot;0&quot;,&quot;iso&quot;:&quot;0&quot;,&quot;shutter_speed&quot;:&quot;0&quot;,&quot;title&quot;:&quot;&quot;,&quot;orientation&quot;:&quot;0&quot;}\" data-image-title=\"WhatsApp Image 2018-10-19 at 12.07.15\" data-image-description=\"\" data-image-caption=\"\" data-large-file=\"https:\/\/eldiariodesanpedro.com.ar\/sitio\/wp-content\/uploads\/2018\/10\/WhatsApp-Image-2018-10-19-at-12.07.15-1024x768.jpeg\" data-src=\"https:\/\/eldiariodesanpedro.com.ar\/sitio\/wp-content\/uploads\/2018\/10\/WhatsApp-Image-2018-10-19-at-12.07.15-1024x768.jpeg\" alt=\"\" width=\"660\" height=\"495\" class=\"alignnone size-large wp-image-42187 lazyload\" data-srcset=\"https:\/\/eldiariodesanpedro.com.ar\/sitio\/wp-content\/uploads\/2018\/10\/WhatsApp-Image-2018-10-19-at-12.07.15-1024x768.jpeg 1024w, https:\/\/eldiariodesanpedro.com.ar\/sitio\/wp-content\/uploads\/2018\/10\/WhatsApp-Image-2018-10-19-at-12.07.15-300x225.jpeg 300w, https:\/\/eldiariodesanpedro.com.ar\/sitio\/wp-content\/uploads\/2018\/10\/WhatsApp-Image-2018-10-19-at-12.07.15-768x576.jpeg 768w, https:\/\/eldiariodesanpedro.com.ar\/sitio\/wp-content\/uploads\/2018\/10\/WhatsApp-Image-2018-10-19-at-12.07.15.jpeg 1040w\" data-sizes=\"(max-width: 660px) 100vw, 660px\" src=\"data:image\/svg+xml;base64,PHN2ZyB3aWR0aD0iMSIgaGVpZ2h0PSIxIiB4bWxucz0iaHR0cDovL3d3dy53My5vcmcvMjAwMC9zdmciPjwvc3ZnPg==\" style=\"--smush-placeholder-width: 660px; --smush-placeholder-aspect-ratio: 660\/495;\" \/> <\/p>\n<p>\u00abNos sorprendi\u00f3 que vinieran a las 6 de la ma\u00f1ana, porque cuando los llamas de urgencia para constatar alguna situaci\u00f3n de seguridad de higiene no vienen\u00bb, contaba el gremialista Chipi Benitez, que vienen haciendo una medida de fuerza con retenci\u00f3n de tareas desde el lunes por la mala condici\u00f3n que siguen trabajando en el lugar.<\/p>\n<p>Los motivos por los que los trabajadores del \u00e1rea denuncian, es por la falta de elementos de seguridad e higiene para trabajar, en la casilla donde tienen que estar por 8hs en turnos rotativos, mujeres y hombres, no hay ba\u00f1os ni agua, hay una canilla exterior a muchos metros donde llenan un bid\u00f3n para tener, y el ba\u00f1o est\u00e1 ubicado detr\u00e1s del galp\u00f3n de dep\u00f3sito, a much\u00edsimos metros de distancia, totalmente abandonado y destruido. No hay matafuegos y la balanza est\u00e1 rota.<\/p>\n<p>Como resultado, parte del gobierno cumplio con los reclamos, le llevaron dos ba\u00f1os qu\u00edmicos, uno para hombre y uno para mujer, un dispenser con agua fr\u00eda y caliente, con dos bidones de agua, un matafuego y compraron elementos para hacer las instalaciones de agua en la casilla que prometieron que a partir de la semana que viene empiezan hacer el zanjeo para pasar la manguera que la tienen que traer por unos 80  metros e instalar definitivamente el agua. <\/p>\n<p>Esta semana se vivi\u00f3 fuertes cruces con concejales y funcionarios que hab\u00edan tomado los puestos de trabajo en las \u00e1reas que estaban haciendo retenci\u00f3n de tareas para seguir atendiendo al p\u00fablico, como fue en el \u00e1rea de inspecci\u00f3n que brindaron su atenci\u00f3n el concejal de cambiemos Ivan Paz, la concejal Ver\u00f3nica Lopez, Natalia Claverini y la presencia del Secretario de Seguridad Eduardo Rolleri; los Gremialista Acosta y Benitez cruzaron palabras fuertes con Paz:  \u00abVayan a trabajar al Concejo, vayan a hacer su trabajo\u00bb ,  \u00abDelincuentes, que se aumentan una dieta vergonzosa, hijos de mil putas, van a ocuparles la silla a los trabajadores\u00bb.<\/p>\n<p><img decoding=\"async\" data-attachment-id=\"41995\" data-permalink=\"https:\/\/eldiariodesanpedro.com.ar\/sitio\/concejales-y-el-secretario-de-seguridad-brindaron-su-atencion-al-publico-en-el-area-de-inspeccion\/whatsapp-image-2018-10-17-at-10-11-23-1-copia\/\" data-orig-file=\"https:\/\/eldiariodesanpedro.com.ar\/sitio\/wp-content\/uploads\/2018\/10\/WhatsApp-Image-2018-10-17-at-10.11.23-1-copia.jpeg\" data-orig-size=\"1280,720\" data-comments-opened=\"1\" data-image-meta=\"{&quot;aperture&quot;:&quot;0&quot;,&quot;credit&quot;:&quot;&quot;,&quot;camera&quot;:&quot;&quot;,&quot;caption&quot;:&quot;&quot;,&quot;created_timestamp&quot;:&quot;0&quot;,&quot;copyright&quot;:&quot;&quot;,&quot;focal_length&quot;:&quot;0&quot;,&quot;iso&quot;:&quot;0&quot;,&quot;shutter_speed&quot;:&quot;0&quot;,&quot;title&quot;:&quot;&quot;,&quot;orientation&quot;:&quot;0&quot;}\" data-image-title=\"WhatsApp Image 2018-10-17 at 10.11.23 (1) &amp;#8211; copia\" data-image-description=\"\" data-image-caption=\"\" data-large-file=\"https:\/\/eldiariodesanpedro.com.ar\/sitio\/wp-content\/uploads\/2018\/10\/WhatsApp-Image-2018-10-17-at-10.11.23-1-copia-1024x576.jpeg\" data-src=\"https:\/\/eldiariodesanpedro.com.ar\/sitio\/wp-content\/uploads\/2018\/10\/WhatsApp-Image-2018-10-17-at-10.11.23-1-copia-1024x576.jpeg\" alt=\"\" width=\"660\" height=\"371\" class=\"alignnone size-large wp-image-41995 lazyload\" data-srcset=\"https:\/\/eldiariodesanpedro.com.ar\/sitio\/wp-content\/uploads\/2018\/10\/WhatsApp-Image-2018-10-17-at-10.11.23-1-copia-1024x576.jpeg 1024w, https:\/\/eldiariodesanpedro.com.ar\/sitio\/wp-content\/uploads\/2018\/10\/WhatsApp-Image-2018-10-17-at-10.11.23-1-copia-300x169.jpeg 300w, https:\/\/eldiariodesanpedro.com.ar\/sitio\/wp-content\/uploads\/2018\/10\/WhatsApp-Image-2018-10-17-at-10.11.23-1-copia-768x432.jpeg 768w, https:\/\/eldiariodesanpedro.com.ar\/sitio\/wp-content\/uploads\/2018\/10\/WhatsApp-Image-2018-10-17-at-10.11.23-1-copia.jpeg 1280w\" data-sizes=\"(max-width: 660px) 100vw, 660px\" src=\"data:image\/svg+xml;base64,PHN2ZyB3aWR0aD0iMSIgaGVpZ2h0PSIxIiB4bWxucz0iaHR0cDovL3d3dy53My5vcmcvMjAwMC9zdmciPjwvc3ZnPg==\" style=\"--smush-placeholder-width: 660px; --smush-placeholder-aspect-ratio: 660\/371;\" \/>  <\/p>\n<p>Adem\u00e1s este viernes el secretario de Seguridad, Eduardo Rolleri, se hizo presente para cumplir con la demanda de trabajo en la balanza junto al Secretario de Coordinaci\u00f3n policial, Juan Carlos Ag\u00fcero quienes Controlaron el peso de camiones y cobraron el canon correspondiente a los choferes.<\/p>\n<p>Ag\u00fcero a nuestra consulta expres\u00f3: \u00abtratamos de que funcionara todo normalmente con gente que no estaba adherida a la retenci\u00f3n, desde la ma\u00f1ana hasta la noche, estuvimos trabajando con Eduardo, con todo gusto\u00bb.<\/p>\n<p><img decoding=\"async\" data-attachment-id=\"42185\" data-permalink=\"https:\/\/eldiariodesanpedro.com.ar\/sitio\/balanza-municipal-los-trabajadores-ya-tienen-agua-y-bano\/whatsapp-image-2018-10-19-at-18-48-56\/\" data-orig-file=\"https:\/\/eldiariodesanpedro.com.ar\/sitio\/wp-content\/uploads\/2018\/10\/WhatsApp-Image-2018-10-19-at-18.48.56.jpeg\" data-orig-size=\"774,1032\" data-comments-opened=\"1\" data-image-meta=\"{&quot;aperture&quot;:&quot;0&quot;,&quot;credit&quot;:&quot;&quot;,&quot;camera&quot;:&quot;&quot;,&quot;caption&quot;:&quot;&quot;,&quot;created_timestamp&quot;:&quot;0&quot;,&quot;copyright&quot;:&quot;&quot;,&quot;focal_length&quot;:&quot;0&quot;,&quot;iso&quot;:&quot;0&quot;,&quot;shutter_speed&quot;:&quot;0&quot;,&quot;title&quot;:&quot;&quot;,&quot;orientation&quot;:&quot;0&quot;}\" data-image-title=\"WhatsApp Image 2018-10-19 at 18.48.56\" data-image-description=\"\" data-image-caption=\"\" data-large-file=\"https:\/\/eldiariodesanpedro.com.ar\/sitio\/wp-content\/uploads\/2018\/10\/WhatsApp-Image-2018-10-19-at-18.48.56-768x1024.jpeg\" data-src=\"https:\/\/eldiariodesanpedro.com.ar\/sitio\/wp-content\/uploads\/2018\/10\/WhatsApp-Image-2018-10-19-at-18.48.56-768x1024.jpeg\" alt=\"\" width=\"660\" height=\"880\" class=\"alignnone size-large wp-image-42185 lazyload\" data-srcset=\"https:\/\/eldiariodesanpedro.com.ar\/sitio\/wp-content\/uploads\/2018\/10\/WhatsApp-Image-2018-10-19-at-18.48.56-768x1024.jpeg 768w, https:\/\/eldiariodesanpedro.com.ar\/sitio\/wp-content\/uploads\/2018\/10\/WhatsApp-Image-2018-10-19-at-18.48.56-225x300.jpeg 225w, https:\/\/eldiariodesanpedro.com.ar\/sitio\/wp-content\/uploads\/2018\/10\/WhatsApp-Image-2018-10-19-at-18.48.56.jpeg 774w\" data-sizes=\"(max-width: 660px) 100vw, 660px\" src=\"data:image\/svg+xml;base64,PHN2ZyB3aWR0aD0iMSIgaGVpZ2h0PSIxIiB4bWxucz0iaHR0cDovL3d3dy53My5vcmcvMjAwMC9zdmciPjwvc3ZnPg==\" style=\"--smush-placeholder-width: 660px; --smush-placeholder-aspect-ratio: 660\/880;\" \/><\/p>\n<p><img decoding=\"async\" data-attachment-id=\"42186\" data-permalink=\"https:\/\/eldiariodesanpedro.com.ar\/sitio\/balanza-municipal-los-trabajadores-ya-tienen-agua-y-bano\/whatsapp-image-2018-10-19-at-19-24-24\/\" data-orig-file=\"https:\/\/eldiariodesanpedro.com.ar\/sitio\/wp-content\/uploads\/2018\/10\/WhatsApp-Image-2018-10-19-at-19.24.24.jpeg\" data-orig-size=\"774,1032\" data-comments-opened=\"1\" data-image-meta=\"{&quot;aperture&quot;:&quot;0&quot;,&quot;credit&quot;:&quot;&quot;,&quot;camera&quot;:&quot;&quot;,&quot;caption&quot;:&quot;&quot;,&quot;created_timestamp&quot;:&quot;0&quot;,&quot;copyright&quot;:&quot;&quot;,&quot;focal_length&quot;:&quot;0&quot;,&quot;iso&quot;:&quot;0&quot;,&quot;shutter_speed&quot;:&quot;0&quot;,&quot;title&quot;:&quot;&quot;,&quot;orientation&quot;:&quot;0&quot;}\" data-image-title=\"WhatsApp Image 2018-10-19 at 19.24.24\" data-image-description=\"\" data-image-caption=\"\" data-large-file=\"https:\/\/eldiariodesanpedro.com.ar\/sitio\/wp-content\/uploads\/2018\/10\/WhatsApp-Image-2018-10-19-at-19.24.24-768x1024.jpeg\" data-src=\"https:\/\/eldiariodesanpedro.com.ar\/sitio\/wp-content\/uploads\/2018\/10\/WhatsApp-Image-2018-10-19-at-19.24.24-768x1024.jpeg\" alt=\"\" width=\"660\" height=\"880\" class=\"alignnone size-large wp-image-42186 lazyload\" data-srcset=\"https:\/\/eldiariodesanpedro.com.ar\/sitio\/wp-content\/uploads\/2018\/10\/WhatsApp-Image-2018-10-19-at-19.24.24-768x1024.jpeg 768w, https:\/\/eldiariodesanpedro.com.ar\/sitio\/wp-content\/uploads\/2018\/10\/WhatsApp-Image-2018-10-19-at-19.24.24-225x300.jpeg 225w, https:\/\/eldiariodesanpedro.com.ar\/sitio\/wp-content\/uploads\/2018\/10\/WhatsApp-Image-2018-10-19-at-19.24.24.jpeg 774w\" data-sizes=\"(max-width: 660px) 100vw, 660px\" src=\"data:image\/svg+xml;base64,PHN2ZyB3aWR0aD0iMSIgaGVpZ2h0PSIxIiB4bWxucz0iaHR0cDovL3d3dy53My5vcmcvMjAwMC9zdmciPjwvc3ZnPg==\" style=\"--smush-placeholder-width: 660px; --smush-placeholder-aspect-ratio: 660\/880;\" \/><\/p>\n<p>Este sabado uno de los empleados conto: \u00abla retencion la levantaron porque la semana que viene se re\u00fanen los gremios con el ejecutivo y representantes del ministerio para ver que soluci\u00f3n dan, de lo contrario se retoma la medida, en el acta qued\u00f3 asentado que la balanza no est\u00e1 en buenas condiciones\u00bb.<\/p>\n<p>Por otro lado, Acosta nos adelant\u00f3 tambi\u00e9n, acerca de la reuni\u00f3n por un nuevo incremento salarial, que el martes habr\u00e1 paro municipal por rechazar por parte del Ejecutivo el aumento del 18% solicitado: \u00abnos dijo que no est\u00e1 en condiciones de pagar el 18 por ciento para octubre, nos ofrecieron un 10% de aumento para Diciembre, que lo vamos a cobrar en Enero, rechazamos la oferta\u00bb.<\/p>\n","protected":false},"excerpt":{"rendered":"<p>En la ma\u00f1ana del viernes, gente del Ministerio de Trabajo se hizo presente sorpresivamente en la Balanza Municipal, por segunda vez, para poder constatar la faltante de cosas que denunciaban los trabajadores hace largo tiempo. \u00abNos sorprendi\u00f3 que vinieran a las 6 de la ma\u00f1ana, porque cuando los llamas de urgencia para constatar alguna situaci\u00f3n [&hellip;]<\/p>\n","protected":false},"author":4,"featured_media":42123,"comment_status":"open","ping_status":"closed","sticky":false,"template":"","format":"standard","meta":{"om_disable_all_campaigns":false,"_jetpack_memberships_contains_paid_content":false,"footnotes":""},"categories":[50,101,2],"tags":[],"class_list":["post-42184","post","type-post","status-publish","format-standard","has-post-thumbnail","hentry","category-destacadas","category-interes-general-locales","category-locales"],"aioseo_notices":[],"gutentor_comment":0,"jetpack_featured_media_url":"https:\/\/eldiariodesanpedro.com.ar\/sitio\/wp-content\/uploads\/2018\/10\/20181018_094525-e1540039015418.jpg","jetpack_shortlink":"https:\/\/wp.me\/p6RhLt-aYo","jetpack_sharing_enabled":true,"_links":{"self":[{"href":"https:\/\/eldiariodesanpedro.com.ar\/sitio\/wp-json\/wp\/v2\/posts\/42184","targetHints":{"allow":["GET"]}}],"collection":[{"href":"https:\/\/eldiariodesanpedro.com.ar\/sitio\/wp-json\/wp\/v2\/posts"}],"about":[{"href":"https:\/\/eldiariodesanpedro.com.ar\/sitio\/wp-json\/wp\/v2\/types\/post"}],"author":[{"embeddable":true,"href":"https:\/\/eldiariodesanpedro.com.ar\/sitio\/wp-json\/wp\/v2\/users\/4"}],"replies":[{"embeddable":true,"href":"https:\/\/eldiariodesanpedro.com.ar\/sitio\/wp-json\/wp\/v2\/comments?post=42184"}],"version-history":[{"count":1,"href":"https:\/\/eldiariodesanpedro.com.ar\/sitio\/wp-json\/wp\/v2\/posts\/42184\/revisions"}],"predecessor-version":[{"id":42188,"href":"https:\/\/eldiariodesanpedro.com.ar\/sitio\/wp-json\/wp\/v2\/posts\/42184\/revisions\/42188"}],"wp:featuredmedia":[{"embeddable":true,"href":"https:\/\/eldiariodesanpedro.com.ar\/sitio\/wp-json\/wp\/v2\/media\/42123"}],"wp:attachment":[{"href":"https:\/\/eldiariodesanpedro.com.ar\/sitio\/wp-json\/wp\/v2\/media?parent=42184"}],"wp:term":[{"taxonomy":"category","embeddable":true,"href":"https:\/\/eldiariodesanpedro.com.ar\/sitio\/wp-json\/wp\/v2\/categories?post=42184"},{"taxonomy":"post_tag","embeddable":true,"href":"https:\/\/eldiariodesanpedro.com.ar\/sitio\/wp-json\/wp\/v2\/tags?post=42184"}],"curies":[{"name":"wp","href":"https:\/\/api.w.org\/{rel}","templated":true}]}}