{"id":42174,"date":"2018-10-19T20:40:35","date_gmt":"2018-10-19T23:40:35","guid":{"rendered":"https:\/\/eldiariodesanpedro.com.ar\/sitio\/?p=42174"},"modified":"2026-01-24T00:09:14","modified_gmt":"2026-01-24T03:09:14","slug":"padel-sibilla-mosteiro-campeonas-y-lorena-pereyra-subcampeona-en-el-nacional-de-rosario","status":"publish","type":"post","link":"https:\/\/eldiariodesanpedro.com.ar\/sitio\/padel-sibilla-mosteiro-campeonas-y-lorena-pereyra-subcampeona-en-el-nacional-de-rosario\/","title":{"rendered":"PADEL: \u00a1Sibilla-Mosteiro campeonas y Lorena Pereyra subcampeona en el nacional de Rosario!"},"content":{"rendered":"<p><!-- VideographyWP Plugin Message: Automatic video embedding prevented by plugin options. --><br \/>\n  En Rosario se jug\u00f3 el nacional de P\u00e1del de Ladies y Veteranos, certamen en el cual participaron m\u00e1s de 400 parejas de todas las provincias argentinas en 24 categor\u00edas. Anal\u00eda Sibilla y Mar\u00eda Ester Mosteiro se consagraron campeonas argentinas en su categor\u00eda y Lorena Pereyra junto a la nicole\u00f1a Bernardina Podest\u00e1.<br \/>\n  Las parejas llegadas desde todo el pa\u00eds participaron en 9 complejos de la ciudad de Rosario, mientras que la provincia de Buenos Aires fue dividida en varias regiones, entre otras: Noroeste- Tandil \u2013 Mar del Plata- y Norte -Pergamino, San Nicol\u00e1s y San Pedro-.<br \/>\n  Anal\u00eda Sibilla-Mar\u00eda Mosteiro lograron consagrase en un duro certamen con las mejores parejas del pa\u00eds. Otra sampedrina que lleg\u00f3 a la final fue Lorena Pereyra (est\u00e1 primera en el ranking del circuito nicole\u00f1o en cuarta categor\u00eda)-Bernarda Podest\u00e1 llegaron y perdieron en la final.<\/p>\n","protected":false},"excerpt":{"rendered":"<p>En Rosario se jug\u00f3 el nacional de P\u00e1del de Ladies y Veteranos, certamen en el cual participaron m\u00e1s de 400 parejas de todas las provincias argentinas en 24 categor\u00edas. Anal\u00eda Sibilla y Mar\u00eda Ester Mosteiro se consagraron campeonas argentinas en su categor\u00eda y Lorena Pereyra junto a la nicole\u00f1a Bernardina Podest\u00e1. Las parejas llegadas desde [&hellip;]<\/p>\n","protected":false},"author":4,"featured_media":42175,"comment_status":"open","ping_status":"closed","sticky":false,"template":"","format":"standard","meta":{"om_disable_all_campaigns":false,"_jetpack_memberships_contains_paid_content":false,"footnotes":""},"categories":[5],"tags":[],"class_list":["post-42174","post","type-post","status-publish","format-standard","has-post-thumbnail","hentry","category-deportes"],"aioseo_notices":[],"gutentor_comment":0,"jetpack_featured_media_url":"https:\/\/eldiariodesanpedro.com.ar\/sitio\/wp-content\/uploads\/2018\/10\/Pereyra-Podest\u00e1-Sibilla-Mosteiro.jpg","jetpack_shortlink":"https:\/\/wp.me\/p6RhLt-aYe","jetpack_sharing_enabled":true,"_links":{"self":[{"href":"https:\/\/eldiariodesanpedro.com.ar\/sitio\/wp-json\/wp\/v2\/posts\/42174","targetHints":{"allow":["GET"]}}],"collection":[{"href":"https:\/\/eldiariodesanpedro.com.ar\/sitio\/wp-json\/wp\/v2\/posts"}],"about":[{"href":"https:\/\/eldiariodesanpedro.com.ar\/sitio\/wp-json\/wp\/v2\/types\/post"}],"author":[{"embeddable":true,"href":"https:\/\/eldiariodesanpedro.com.ar\/sitio\/wp-json\/wp\/v2\/users\/4"}],"replies":[{"embeddable":true,"href":"https:\/\/eldiariodesanpedro.com.ar\/sitio\/wp-json\/wp\/v2\/comments?post=42174"}],"version-history":[{"count":1,"href":"https:\/\/eldiariodesanpedro.com.ar\/sitio\/wp-json\/wp\/v2\/posts\/42174\/revisions"}],"predecessor-version":[{"id":42180,"href":"https:\/\/eldiariodesanpedro.com.ar\/sitio\/wp-json\/wp\/v2\/posts\/42174\/revisions\/42180"}],"wp:featuredmedia":[{"embeddable":true,"href":"https:\/\/eldiariodesanpedro.com.ar\/sitio\/wp-json\/wp\/v2\/media\/42175"}],"wp:attachment":[{"href":"https:\/\/eldiariodesanpedro.com.ar\/sitio\/wp-json\/wp\/v2\/media?parent=42174"}],"wp:term":[{"taxonomy":"category","embeddable":true,"href":"https:\/\/eldiariodesanpedro.com.ar\/sitio\/wp-json\/wp\/v2\/categories?post=42174"},{"taxonomy":"post_tag","embeddable":true,"href":"https:\/\/eldiariodesanpedro.com.ar\/sitio\/wp-json\/wp\/v2\/tags?post=42174"}],"curies":[{"name":"wp","href":"https:\/\/api.w.org\/{rel}","templated":true}]}}