{"id":42168,"date":"2018-10-19T20:40:14","date_gmt":"2018-10-19T23:40:14","guid":{"rendered":"https:\/\/eldiariodesanpedro.com.ar\/sitio\/?p=42168"},"modified":"2026-01-24T00:09:15","modified_gmt":"2026-01-24T03:09:15","slug":"rally-federal-se-vuelve-a-lobos-y-los-solmi-estaran-presentes","status":"publish","type":"post","link":"https:\/\/eldiariodesanpedro.com.ar\/sitio\/rally-federal-se-vuelve-a-lobos-y-los-solmi-estaran-presentes\/","title":{"rendered":"RALLY FEDERAL: Se vuelve a Lobos y los Solmi estar\u00e1n presentes"},"content":{"rendered":"<p><!-- VideographyWP Plugin Message: Automatic video embedding prevented by plugin options. --><br \/>\n  Con el calendario llegando a su final, la ciudad de Lobos se prepara para recibir al Campeonato Federal de Rally, esta ser\u00e1 la fecha previa al GP coronaci\u00f3n. Como es habitual, los Sampedrinos estar\u00e1n presentes, tanto en la N7 como en la N3.<br \/>\n  Ocupando los primeros puestos del campeonato, \u201cViti\u201d Solmi va en busca de sumar puntos, con miras al bicampeonato de la divisional N3. El binomio padre e hija est\u00e1n separados por pocas unidades de quien viene dominando.<br \/>\n  V\u00edctor Manuel, es el otro representante de San Pedro. En este caso participando de la N7 junto a Cristian Luconi en su butaca derecha. V\u00edctor viene de hacer muy buenos parciales en la \u00faltima competencia y por eso las expectativas son muy altas.<br \/>\n  En lo deportivo, la carrera tendr\u00e1 8 pruebas cronometradas, haciendo 4 el s\u00e1bado y las restantes el domingo, contabilizando un total de 114 kil\u00f3metros cronometrados.<\/p>\n","protected":false},"excerpt":{"rendered":"<p>Con el calendario llegando a su final, la ciudad de Lobos se prepara para recibir al Campeonato Federal de Rally, esta ser\u00e1 la fecha previa al GP coronaci\u00f3n. Como es habitual, los Sampedrinos estar\u00e1n presentes, tanto en la N7 como en la N3. Ocupando los primeros puestos del campeonato, \u201cViti\u201d Solmi va en busca de [&hellip;]<\/p>\n","protected":false},"author":4,"featured_media":42170,"comment_status":"open","ping_status":"closed","sticky":false,"template":"","format":"standard","meta":{"om_disable_all_campaigns":false,"_jetpack_memberships_contains_paid_content":false,"footnotes":""},"categories":[5],"tags":[],"class_list":["post-42168","post","type-post","status-publish","format-standard","has-post-thumbnail","hentry","category-deportes"],"aioseo_notices":[],"gutentor_comment":0,"jetpack_featured_media_url":"https:\/\/eldiariodesanpedro.com.ar\/sitio\/wp-content\/uploads\/2018\/10\/solmi.jpg","jetpack_shortlink":"https:\/\/wp.me\/p6RhLt-aY8","jetpack_sharing_enabled":true,"_links":{"self":[{"href":"https:\/\/eldiariodesanpedro.com.ar\/sitio\/wp-json\/wp\/v2\/posts\/42168","targetHints":{"allow":["GET"]}}],"collection":[{"href":"https:\/\/eldiariodesanpedro.com.ar\/sitio\/wp-json\/wp\/v2\/posts"}],"about":[{"href":"https:\/\/eldiariodesanpedro.com.ar\/sitio\/wp-json\/wp\/v2\/types\/post"}],"author":[{"embeddable":true,"href":"https:\/\/eldiariodesanpedro.com.ar\/sitio\/wp-json\/wp\/v2\/users\/4"}],"replies":[{"embeddable":true,"href":"https:\/\/eldiariodesanpedro.com.ar\/sitio\/wp-json\/wp\/v2\/comments?post=42168"}],"version-history":[{"count":1,"href":"https:\/\/eldiariodesanpedro.com.ar\/sitio\/wp-json\/wp\/v2\/posts\/42168\/revisions"}],"predecessor-version":[{"id":42177,"href":"https:\/\/eldiariodesanpedro.com.ar\/sitio\/wp-json\/wp\/v2\/posts\/42168\/revisions\/42177"}],"wp:featuredmedia":[{"embeddable":true,"href":"https:\/\/eldiariodesanpedro.com.ar\/sitio\/wp-json\/wp\/v2\/media\/42170"}],"wp:attachment":[{"href":"https:\/\/eldiariodesanpedro.com.ar\/sitio\/wp-json\/wp\/v2\/media?parent=42168"}],"wp:term":[{"taxonomy":"category","embeddable":true,"href":"https:\/\/eldiariodesanpedro.com.ar\/sitio\/wp-json\/wp\/v2\/categories?post=42168"},{"taxonomy":"post_tag","embeddable":true,"href":"https:\/\/eldiariodesanpedro.com.ar\/sitio\/wp-json\/wp\/v2\/tags?post=42168"}],"curies":[{"name":"wp","href":"https:\/\/api.w.org\/{rel}","templated":true}]}}