{"id":42167,"date":"2018-10-19T20:48:54","date_gmt":"2018-10-19T23:48:54","guid":{"rendered":"https:\/\/eldiariodesanpedro.com.ar\/sitio\/?p=42167"},"modified":"2018-10-19T20:48:54","modified_gmt":"2018-10-19T23:48:54","slug":"acosta-nos-quieren-sacar-la-representatividad-a-los-trabajadores","status":"publish","type":"post","link":"https:\/\/eldiariodesanpedro.com.ar\/sitio\/acosta-nos-quieren-sacar-la-representatividad-a-los-trabajadores\/","title":{"rendered":"Acosta: \u00abNos quieren sacar la representatividad a los trabajadores\u00bb"},"content":{"rendered":"<p><!-- VideographyWP Plugin Message: Automatic video embedding prevented by plugin options. --><br \/>\nHace unos dias, el gobierno envi\u00f3 notas a dirigentes del Sindicato de Trabajadores Municipales y este viernes una ultima intimaci\u00f3n, para informarles que deb\u00edan presentarse a sus puestos de trabajo, en el Corral\u00f3n municipal. Se trata de Juan Cruz Acosta, Ra\u00fal Ben\u00edtez y Cristian Culicinio.<\/p>\n<p>Los sindicalistas tienen licencia gremial y disponibilidad horaria, por lo que s\u00f3lo cumplen con tareas sindicales.<\/p>\n<p>Desde el Gobierno mandaron la intimidaci\u00f3n como ultima advertencia y aclara la notificaci\u00f3n que seg\u00fan la nota que pudimos obtener, dirigida a Acosta, expresa: que seg\u00fan lo informado por el Secretario de Obras Publicas,\u00a0 Ariel Alvarez, el gremialista se encuentra ausente sin aviso fehaciente y justificado a este empleador desde el dia viernes 13 de Octubre pasado hasta, al menos, el dia de la fecha de envi\u00f3 de esta pieza postal. Todo bajo apercibimiento en caso de incumplimiento, silencio o evasiva de iniciar las acciones tendientes a obtener su desafuero sindical, conforme lo prev\u00e9 la ley 23.551.<\/p>\n<p><img decoding=\"async\" data-attachment-id=\"42176\" data-permalink=\"https:\/\/eldiariodesanpedro.com.ar\/sitio\/acosta-nos-quieren-sacar-la-representatividad-a-los-trabajadores\/whatsapp-image-2018-10-19-at-14-39-30\/\" data-orig-file=\"https:\/\/eldiariodesanpedro.com.ar\/sitio\/wp-content\/uploads\/2018\/10\/WhatsApp-Image-2018-10-19-at-14.39.30.jpeg\" data-orig-size=\"1600,900\" data-comments-opened=\"1\" data-image-meta=\"{&quot;aperture&quot;:&quot;0&quot;,&quot;credit&quot;:&quot;&quot;,&quot;camera&quot;:&quot;&quot;,&quot;caption&quot;:&quot;&quot;,&quot;created_timestamp&quot;:&quot;0&quot;,&quot;copyright&quot;:&quot;&quot;,&quot;focal_length&quot;:&quot;0&quot;,&quot;iso&quot;:&quot;0&quot;,&quot;shutter_speed&quot;:&quot;0&quot;,&quot;title&quot;:&quot;&quot;,&quot;orientation&quot;:&quot;0&quot;}\" data-image-title=\"WhatsApp Image 2018-10-19 at 14.39.30\" data-image-description=\"\" data-image-caption=\"\" data-large-file=\"https:\/\/eldiariodesanpedro.com.ar\/sitio\/wp-content\/uploads\/2018\/10\/WhatsApp-Image-2018-10-19-at-14.39.30-1024x576.jpeg\" class=\"alignnone size-large wp-image-42176 lazyload\" data-src=\"https:\/\/eldiariodesanpedro.com.ar\/sitio\/wp-content\/uploads\/2018\/10\/WhatsApp-Image-2018-10-19-at-14.39.30-1024x576.jpeg\" alt=\"\" width=\"660\" height=\"371\" data-srcset=\"https:\/\/eldiariodesanpedro.com.ar\/sitio\/wp-content\/uploads\/2018\/10\/WhatsApp-Image-2018-10-19-at-14.39.30-1024x576.jpeg 1024w, https:\/\/eldiariodesanpedro.com.ar\/sitio\/wp-content\/uploads\/2018\/10\/WhatsApp-Image-2018-10-19-at-14.39.30-300x169.jpeg 300w, https:\/\/eldiariodesanpedro.com.ar\/sitio\/wp-content\/uploads\/2018\/10\/WhatsApp-Image-2018-10-19-at-14.39.30-768x432.jpeg 768w, https:\/\/eldiariodesanpedro.com.ar\/sitio\/wp-content\/uploads\/2018\/10\/WhatsApp-Image-2018-10-19-at-14.39.30.jpeg 1600w\" data-sizes=\"(max-width: 660px) 100vw, 660px\" src=\"data:image\/svg+xml;base64,PHN2ZyB3aWR0aD0iMSIgaGVpZ2h0PSIxIiB4bWxucz0iaHR0cDovL3d3dy53My5vcmcvMjAwMC9zdmciPjwvc3ZnPg==\" style=\"--smush-placeholder-width: 660px; --smush-placeholder-aspect-ratio: 660\/371;\" \/><\/p>\n<p>Este medio, al conocer la noticia de la carta de intimaci\u00f3n, consulto al Secretario General del Sindicato de Trabajadores Municipales, Juan Cruz Acosta y nos cont\u00f3 que: \u00abNo nos vamos a presentar a trabajar hasta que no seamos notificados, luego de eso lo seguiremos en la Justicia, hasta ahora no nos llego nada, vamos a seguir con la actividad gremial recorriendo las distintas \u00e1reas por cada reclamo de los trabajadores como lo venimos haciendo, defendiendo su derecho, hace tres a\u00f1os que esta este Gobierno y ya nos quieren sacar la representatividad a los trabajadores\u00bb y agrego \u00bb no fuimos ninguno de los tres notificados, no nos llego nada\u00bb.<\/p>\n","protected":false},"excerpt":{"rendered":"<p>Hace unos dias, el gobierno envi\u00f3 notas a dirigentes del Sindicato de Trabajadores Municipales y este viernes una ultima intimaci\u00f3n, para informarles que deb\u00edan presentarse a sus puestos de trabajo, en el Corral\u00f3n municipal. Se trata de Juan Cruz Acosta, Ra\u00fal Ben\u00edtez y Cristian Culicinio. Los sindicalistas tienen licencia gremial y disponibilidad horaria, por lo [&hellip;]<\/p>\n","protected":false},"author":4,"featured_media":42181,"comment_status":"open","ping_status":"closed","sticky":false,"template":"","format":"standard","meta":{"om_disable_all_campaigns":false,"_jetpack_memberships_contains_paid_content":false,"footnotes":""},"categories":[50,101,2],"tags":[],"class_list":["post-42167","post","type-post","status-publish","format-standard","has-post-thumbnail","hentry","category-destacadas","category-interes-general-locales","category-locales"],"aioseo_notices":[],"gutentor_comment":0,"jetpack_featured_media_url":"https:\/\/eldiariodesanpedro.com.ar\/sitio\/wp-content\/uploads\/2018\/10\/Juan-Cruz-Acosta-dos.jpg","jetpack_shortlink":"https:\/\/wp.me\/p6RhLt-aY7","jetpack_sharing_enabled":true,"_links":{"self":[{"href":"https:\/\/eldiariodesanpedro.com.ar\/sitio\/wp-json\/wp\/v2\/posts\/42167","targetHints":{"allow":["GET"]}}],"collection":[{"href":"https:\/\/eldiariodesanpedro.com.ar\/sitio\/wp-json\/wp\/v2\/posts"}],"about":[{"href":"https:\/\/eldiariodesanpedro.com.ar\/sitio\/wp-json\/wp\/v2\/types\/post"}],"author":[{"embeddable":true,"href":"https:\/\/eldiariodesanpedro.com.ar\/sitio\/wp-json\/wp\/v2\/users\/4"}],"replies":[{"embeddable":true,"href":"https:\/\/eldiariodesanpedro.com.ar\/sitio\/wp-json\/wp\/v2\/comments?post=42167"}],"version-history":[{"count":1,"href":"https:\/\/eldiariodesanpedro.com.ar\/sitio\/wp-json\/wp\/v2\/posts\/42167\/revisions"}],"predecessor-version":[{"id":42183,"href":"https:\/\/eldiariodesanpedro.com.ar\/sitio\/wp-json\/wp\/v2\/posts\/42167\/revisions\/42183"}],"wp:featuredmedia":[{"embeddable":true,"href":"https:\/\/eldiariodesanpedro.com.ar\/sitio\/wp-json\/wp\/v2\/media\/42181"}],"wp:attachment":[{"href":"https:\/\/eldiariodesanpedro.com.ar\/sitio\/wp-json\/wp\/v2\/media?parent=42167"}],"wp:term":[{"taxonomy":"category","embeddable":true,"href":"https:\/\/eldiariodesanpedro.com.ar\/sitio\/wp-json\/wp\/v2\/categories?post=42167"},{"taxonomy":"post_tag","embeddable":true,"href":"https:\/\/eldiariodesanpedro.com.ar\/sitio\/wp-json\/wp\/v2\/tags?post=42167"}],"curies":[{"name":"wp","href":"https:\/\/api.w.org\/{rel}","templated":true}]}}