{"id":42161,"date":"2018-10-19T09:55:25","date_gmt":"2018-10-19T12:55:25","guid":{"rendered":"https:\/\/eldiariodesanpedro.com.ar\/sitio\/?p=42161"},"modified":"2018-10-19T09:55:25","modified_gmt":"2018-10-19T12:55:25","slug":"la-municipalidad-coopser-y-transba-comparten-gestiones-para-incrementar-la-capacidad-de-abastecimiento-electrico","status":"publish","type":"post","link":"https:\/\/eldiariodesanpedro.com.ar\/sitio\/la-municipalidad-coopser-y-transba-comparten-gestiones-para-incrementar-la-capacidad-de-abastecimiento-electrico\/","title":{"rendered":"La Municipalidad, COOPSER y TRANSBA comparten gestiones para incrementar la capacidad de abastecimiento el\u00e9ctrico"},"content":{"rendered":"<p><!-- VideographyWP Plugin Message: Automatic video embedding prevented by plugin options. --><br \/>\nSe concret\u00f3 en la ma\u00f1ana de este jueves 18, una reuni\u00f3n en el despacho del Intendente Municipal a la que concurrieron autoridades de TRANSBA S.A. y COOPSER, quienes mantuvieron un encuentro con el jefe comunal Cecilio Salazar, el Secretario de Coordinaci\u00f3n Ram\u00f3n Salazar, el Secretario de Gobierno Silvio Corti, y el Subsecretario de Desarrollo Econ\u00f3mico Alfredo Camilletti. <\/p>\n<p>La visita fue generada  para comenzar a analizar las alternativas de financiaci\u00f3n, para la instalaci\u00f3n transitoria del transformador de 30 KVA adquirido hace tiempo por COOPSER, en la base operativa que la concesionaria del servicio de Transporte de Energ\u00eda El\u00e9ctrica de la Provincia de Buenos Aires posee sobre ruta 191. <\/p>\n<p>Mientras se generan las condiciones ideales para la construcci\u00f3n de la Estaci\u00f3n Transformadora \u201cSan Pedro Industrial\u201d moment\u00e1neamente en suspenso por cuestiones t\u00e9cnicas y econ\u00f3micas, el montaje del transformador adquirido por COOPSER en ese lugar, permitir\u00eda incrementar en un 10% la capacidad de abastecimiento para demandas relacionadas con la instalaci\u00f3n de emprendimientos industriales.<\/p>\n<p>El objetivo es encontrar alternativas de financiamiento para cumplimentar con este proyecto compartiendo los costos entre las partes involucradas. Fue un primer paso evaluando las condiciones generales, las posibilidades con las que cuentan tanto COOPSER como TRANSBA de hacerlo y la manera en la que desde la Municipalidad es posible efectuar gestiones que lo hagan posible.<\/p>\n<p>Este encuentro se gest\u00f3 a partir de gestiones del Senador Marcelo Pac\u00edfico, representante de CAMBIEMOS por la segunda secci\u00f3n electoral y participaron por TRANSBA el Director Ingeniero Armando Mart\u00edn Lengiti junto a funcionarios regionales y por COOPSER Pablo Peralta y Oscar Silva del Consejo de Administraci\u00f3n y el Jefe del Sector El\u00e9ctrico Ingeniero Roberto Savoy.<\/p>\n<p><img decoding=\"async\" data-attachment-id=\"42163\" data-permalink=\"https:\/\/eldiariodesanpedro.com.ar\/sitio\/la-municipalidad-coopser-y-transba-comparten-gestiones-para-incrementar-la-capacidad-de-abastecimiento-electrico\/bi4a9366\/\" data-orig-file=\"https:\/\/eldiariodesanpedro.com.ar\/sitio\/wp-content\/uploads\/2018\/10\/BI4A9366.jpg\" data-orig-size=\"3628,2303\" data-comments-opened=\"1\" data-image-meta=\"{&quot;aperture&quot;:&quot;4&quot;,&quot;credit&quot;:&quot;&quot;,&quot;camera&quot;:&quot;Canon EOS 5D Mark III&quot;,&quot;caption&quot;:&quot;&quot;,&quot;created_timestamp&quot;:&quot;1547541775&quot;,&quot;copyright&quot;:&quot;&quot;,&quot;focal_length&quot;:&quot;24&quot;,&quot;iso&quot;:&quot;2000&quot;,&quot;shutter_speed&quot;:&quot;0.008&quot;,&quot;title&quot;:&quot;&quot;,&quot;orientation&quot;:&quot;0&quot;}\" data-image-title=\"BI4A9366\" data-image-description=\"\" data-image-caption=\"\" data-large-file=\"https:\/\/eldiariodesanpedro.com.ar\/sitio\/wp-content\/uploads\/2018\/10\/BI4A9366-1024x650.jpg\" data-src=\"https:\/\/eldiariodesanpedro.com.ar\/sitio\/wp-content\/uploads\/2018\/10\/BI4A9366-1024x650.jpg\" alt=\"\" width=\"660\" height=\"419\" class=\"alignnone size-large wp-image-42163 lazyload\" data-srcset=\"https:\/\/eldiariodesanpedro.com.ar\/sitio\/wp-content\/uploads\/2018\/10\/BI4A9366-1024x650.jpg 1024w, https:\/\/eldiariodesanpedro.com.ar\/sitio\/wp-content\/uploads\/2018\/10\/BI4A9366-300x190.jpg 300w, https:\/\/eldiariodesanpedro.com.ar\/sitio\/wp-content\/uploads\/2018\/10\/BI4A9366-768x488.jpg 768w\" data-sizes=\"(max-width: 660px) 100vw, 660px\" src=\"data:image\/svg+xml;base64,PHN2ZyB3aWR0aD0iMSIgaGVpZ2h0PSIxIiB4bWxucz0iaHR0cDovL3d3dy53My5vcmcvMjAwMC9zdmciPjwvc3ZnPg==\" style=\"--smush-placeholder-width: 660px; --smush-placeholder-aspect-ratio: 660\/419;\" \/><\/p>\n","protected":false},"excerpt":{"rendered":"<p>Se concret\u00f3 en la ma\u00f1ana de este jueves 18, una reuni\u00f3n en el despacho del Intendente Municipal a la que concurrieron autoridades de TRANSBA S.A. y COOPSER, quienes mantuvieron un encuentro con el jefe comunal Cecilio Salazar, el Secretario de Coordinaci\u00f3n Ram\u00f3n Salazar, el Secretario de Gobierno Silvio Corti, y el Subsecretario de Desarrollo Econ\u00f3mico [&hellip;]<\/p>\n","protected":false},"author":4,"featured_media":42162,"comment_status":"open","ping_status":"closed","sticky":false,"template":"","format":"standard","meta":{"om_disable_all_campaigns":false,"_jetpack_memberships_contains_paid_content":false,"footnotes":""},"categories":[101,2],"tags":[],"class_list":["post-42161","post","type-post","status-publish","format-standard","has-post-thumbnail","hentry","category-interes-general-locales","category-locales"],"aioseo_notices":[],"gutentor_comment":0,"jetpack_featured_media_url":"https:\/\/eldiariodesanpedro.com.ar\/sitio\/wp-content\/uploads\/2018\/10\/BI4A9356.jpg","jetpack_shortlink":"https:\/\/wp.me\/p6RhLt-aY1","jetpack_sharing_enabled":true,"_links":{"self":[{"href":"https:\/\/eldiariodesanpedro.com.ar\/sitio\/wp-json\/wp\/v2\/posts\/42161","targetHints":{"allow":["GET"]}}],"collection":[{"href":"https:\/\/eldiariodesanpedro.com.ar\/sitio\/wp-json\/wp\/v2\/posts"}],"about":[{"href":"https:\/\/eldiariodesanpedro.com.ar\/sitio\/wp-json\/wp\/v2\/types\/post"}],"author":[{"embeddable":true,"href":"https:\/\/eldiariodesanpedro.com.ar\/sitio\/wp-json\/wp\/v2\/users\/4"}],"replies":[{"embeddable":true,"href":"https:\/\/eldiariodesanpedro.com.ar\/sitio\/wp-json\/wp\/v2\/comments?post=42161"}],"version-history":[{"count":1,"href":"https:\/\/eldiariodesanpedro.com.ar\/sitio\/wp-json\/wp\/v2\/posts\/42161\/revisions"}],"predecessor-version":[{"id":42164,"href":"https:\/\/eldiariodesanpedro.com.ar\/sitio\/wp-json\/wp\/v2\/posts\/42161\/revisions\/42164"}],"wp:featuredmedia":[{"embeddable":true,"href":"https:\/\/eldiariodesanpedro.com.ar\/sitio\/wp-json\/wp\/v2\/media\/42162"}],"wp:attachment":[{"href":"https:\/\/eldiariodesanpedro.com.ar\/sitio\/wp-json\/wp\/v2\/media?parent=42161"}],"wp:term":[{"taxonomy":"category","embeddable":true,"href":"https:\/\/eldiariodesanpedro.com.ar\/sitio\/wp-json\/wp\/v2\/categories?post=42161"},{"taxonomy":"post_tag","embeddable":true,"href":"https:\/\/eldiariodesanpedro.com.ar\/sitio\/wp-json\/wp\/v2\/tags?post=42161"}],"curies":[{"name":"wp","href":"https:\/\/api.w.org\/{rel}","templated":true}]}}