{"id":42160,"date":"2018-10-19T10:03:03","date_gmt":"2018-10-19T13:03:03","guid":{"rendered":"https:\/\/eldiariodesanpedro.com.ar\/sitio\/?p=42160"},"modified":"2018-10-19T10:03:03","modified_gmt":"2018-10-19T13:03:03","slug":"padre-e-hijo-que-habian-incendiado-y-disparado-contra-una-casa-fueron-trasladados-a-la-unidad-penal-de-san-nicolas","status":"publish","type":"post","link":"https:\/\/eldiariodesanpedro.com.ar\/sitio\/padre-e-hijo-que-habian-incendiado-y-disparado-contra-una-casa-fueron-trasladados-a-la-unidad-penal-de-san-nicolas\/","title":{"rendered":"Padre e hijo que hab\u00edan incendiado y disparado contra una casa fueron trasladados a la Unidad Penal de San Nicolas"},"content":{"rendered":"<p><!-- VideographyWP Plugin Message: Automatic video embedding prevented by plugin options. --><br \/>\nHace unas semana atr\u00e1s, este medio public\u00f3 la noticia que dos personas bajaron de un autom\u00f3vil y prendieron fuego una vivienda sita en calle Alvear, que seg\u00fan testigos  \u201cfue intencional\u201d. Los agresores provocaron amenazas con armas a una mujer y efectuaron disparos contra su hijo que lograron herirlo con perdigones. Esta ma\u00f1ana fueron trasladados a la Unidad Penal de San Nicolas.<\/p>\n<p>Recordemos, ese 5 de Octubre, que luego de incendiar intencionalmente la vivienda y darse a la fuga, fueron interceptados por la polic\u00eda, a pocas cuadras del siniestro, donde logran la  aprehensi\u00f3n de estos dos ciudadanos de 72 y 25 a\u00f1os de edad, padre e hijo,  que circulaban en el Ford Falc\u00f3n, donde en su interior llevaban una escopeta de gran calibre con municiones, una pistola con municiones, y telefon\u00eda celular.<\/p>\n<p>Luego de confirmarse que fueron los autores del siniestro a la vivienda de calle Alvear y que siguieron cometiendo distintos delitos en perjuicio de los moradores, hab\u00edan incendiado tambi\u00e9n otra  vivienda ubicada en la parte posterior del domicilio, que pertenec\u00eda al hermano de esa mujer, y  dispararon sobre la humanidad de este \u00faltimo provoc\u00e1ndole heridas leves por perdigones.<\/p>\n<p>Esta ma\u00f1ana, fueron trasladados a la Unidad Penal de San Nicolas para continuar detenidos sometidos al proceso Judicial.<\/p>\n","protected":false},"excerpt":{"rendered":"<p>Hace unas semana atr\u00e1s, este medio public\u00f3 la noticia que dos personas bajaron de un autom\u00f3vil y prendieron fuego una vivienda sita en calle Alvear, que seg\u00fan testigos \u201cfue intencional\u201d. Los agresores provocaron amenazas con armas a una mujer y efectuaron disparos contra su hijo que lograron herirlo con perdigones. Esta ma\u00f1ana fueron trasladados a [&hellip;]<\/p>\n","protected":false},"author":4,"featured_media":13372,"comment_status":"open","ping_status":"closed","sticky":false,"template":"","format":"standard","meta":{"om_disable_all_campaigns":false,"_jetpack_memberships_contains_paid_content":false,"footnotes":""},"categories":[50,2,103],"tags":[],"class_list":["post-42160","post","type-post","status-publish","format-standard","has-post-thumbnail","hentry","category-destacadas","category-locales","category-policiales-locales"],"aioseo_notices":[],"gutentor_comment":0,"jetpack_featured_media_url":"https:\/\/eldiariodesanpedro.com.ar\/sitio\/wp-content\/uploads\/2017\/01\/Patrulla-4-e1485286120389.jpg","jetpack_shortlink":"https:\/\/wp.me\/p6RhLt-aY0","jetpack_sharing_enabled":true,"_links":{"self":[{"href":"https:\/\/eldiariodesanpedro.com.ar\/sitio\/wp-json\/wp\/v2\/posts\/42160","targetHints":{"allow":["GET"]}}],"collection":[{"href":"https:\/\/eldiariodesanpedro.com.ar\/sitio\/wp-json\/wp\/v2\/posts"}],"about":[{"href":"https:\/\/eldiariodesanpedro.com.ar\/sitio\/wp-json\/wp\/v2\/types\/post"}],"author":[{"embeddable":true,"href":"https:\/\/eldiariodesanpedro.com.ar\/sitio\/wp-json\/wp\/v2\/users\/4"}],"replies":[{"embeddable":true,"href":"https:\/\/eldiariodesanpedro.com.ar\/sitio\/wp-json\/wp\/v2\/comments?post=42160"}],"version-history":[{"count":1,"href":"https:\/\/eldiariodesanpedro.com.ar\/sitio\/wp-json\/wp\/v2\/posts\/42160\/revisions"}],"predecessor-version":[{"id":42165,"href":"https:\/\/eldiariodesanpedro.com.ar\/sitio\/wp-json\/wp\/v2\/posts\/42160\/revisions\/42165"}],"wp:featuredmedia":[{"embeddable":true,"href":"https:\/\/eldiariodesanpedro.com.ar\/sitio\/wp-json\/wp\/v2\/media\/13372"}],"wp:attachment":[{"href":"https:\/\/eldiariodesanpedro.com.ar\/sitio\/wp-json\/wp\/v2\/media?parent=42160"}],"wp:term":[{"taxonomy":"category","embeddable":true,"href":"https:\/\/eldiariodesanpedro.com.ar\/sitio\/wp-json\/wp\/v2\/categories?post=42160"},{"taxonomy":"post_tag","embeddable":true,"href":"https:\/\/eldiariodesanpedro.com.ar\/sitio\/wp-json\/wp\/v2\/tags?post=42160"}],"curies":[{"name":"wp","href":"https:\/\/api.w.org\/{rel}","templated":true}]}}