{"id":42154,"date":"2018-10-19T09:12:14","date_gmt":"2018-10-19T12:12:14","guid":{"rendered":"https:\/\/eldiariodesanpedro.com.ar\/sitio\/?p=42154"},"modified":"2018-10-19T09:12:14","modified_gmt":"2018-10-19T12:12:14","slug":"dos-hechos-de-robos-y-amenazas-denunciados-en-la-comisaria-local","status":"publish","type":"post","link":"https:\/\/eldiariodesanpedro.com.ar\/sitio\/dos-hechos-de-robos-y-amenazas-denunciados-en-la-comisaria-local\/","title":{"rendered":"Dos hechos de robos y amenazas denunciados en la comisar\u00eda local"},"content":{"rendered":"<p><!-- VideographyWP Plugin Message: Automatic video embedding prevented by plugin options. --><br \/>\nAs\u00ed fue el parte que comparte la Dependencia Local, por el dia jueves, con dos hechos de robos, uno de amenazas y otro caratulado, da\u00f1os, donde personas ignoradas pintaron de amarillo y blanco la pared de una vivienda.<\/p>\n<p>Los hechos delictivos fueron en un domicilio ubicado en calle D\u00e1vila, entre Manuel Iglesias y Hermano Indio, donde su propietaria constata que le hab\u00edan sustra\u00eddo su bicicleta del tipo paseo de mujer del patio delantero; tambi\u00e9n el due\u00f1o de un local de venta de ropa sito en calle Mitre, al terminar su jornada laboral, constat\u00f3 el faltante de varias prendas de vestir. <\/p>\n<p>El hecho de amenazas, que seg\u00fan la denuncia, fue amenazas de muerte, lo ratifica una ciudadana que vive en calle Saavedra, quien es  amenazada por su vecino, por problemas de larga data.<\/p>\n<p>Por \u00faltimo como mencionamos al principio, sobre calle Hermano Indio al 2300, j\u00f3venes ignorados, pintaron la pared con pintura color amarillo y blanco, sin motivos seg\u00fan su denunciante.<\/p>\n","protected":false},"excerpt":{"rendered":"<p>As\u00ed fue el parte que comparte la Dependencia Local, por el dia jueves, con dos hechos de robos, uno de amenazas y otro caratulado, da\u00f1os, donde personas ignoradas pintaron de amarillo y blanco la pared de una vivienda. Los hechos delictivos fueron en un domicilio ubicado en calle D\u00e1vila, entre Manuel Iglesias y Hermano Indio, [&hellip;]<\/p>\n","protected":false},"author":4,"featured_media":13371,"comment_status":"open","ping_status":"closed","sticky":false,"template":"","format":"standard","meta":{"om_disable_all_campaigns":false,"_jetpack_memberships_contains_paid_content":false,"footnotes":""},"categories":[50,2,103],"tags":[],"class_list":["post-42154","post","type-post","status-publish","format-standard","has-post-thumbnail","hentry","category-destacadas","category-locales","category-policiales-locales"],"aioseo_notices":[],"gutentor_comment":0,"jetpack_featured_media_url":"https:\/\/eldiariodesanpedro.com.ar\/sitio\/wp-content\/uploads\/2017\/01\/Patrulla-3-e1485286104708.jpg","jetpack_shortlink":"https:\/\/wp.me\/p6RhLt-aXU","jetpack_sharing_enabled":true,"_links":{"self":[{"href":"https:\/\/eldiariodesanpedro.com.ar\/sitio\/wp-json\/wp\/v2\/posts\/42154","targetHints":{"allow":["GET"]}}],"collection":[{"href":"https:\/\/eldiariodesanpedro.com.ar\/sitio\/wp-json\/wp\/v2\/posts"}],"about":[{"href":"https:\/\/eldiariodesanpedro.com.ar\/sitio\/wp-json\/wp\/v2\/types\/post"}],"author":[{"embeddable":true,"href":"https:\/\/eldiariodesanpedro.com.ar\/sitio\/wp-json\/wp\/v2\/users\/4"}],"replies":[{"embeddable":true,"href":"https:\/\/eldiariodesanpedro.com.ar\/sitio\/wp-json\/wp\/v2\/comments?post=42154"}],"version-history":[{"count":1,"href":"https:\/\/eldiariodesanpedro.com.ar\/sitio\/wp-json\/wp\/v2\/posts\/42154\/revisions"}],"predecessor-version":[{"id":42155,"href":"https:\/\/eldiariodesanpedro.com.ar\/sitio\/wp-json\/wp\/v2\/posts\/42154\/revisions\/42155"}],"wp:featuredmedia":[{"embeddable":true,"href":"https:\/\/eldiariodesanpedro.com.ar\/sitio\/wp-json\/wp\/v2\/media\/13371"}],"wp:attachment":[{"href":"https:\/\/eldiariodesanpedro.com.ar\/sitio\/wp-json\/wp\/v2\/media?parent=42154"}],"wp:term":[{"taxonomy":"category","embeddable":true,"href":"https:\/\/eldiariodesanpedro.com.ar\/sitio\/wp-json\/wp\/v2\/categories?post=42154"},{"taxonomy":"post_tag","embeddable":true,"href":"https:\/\/eldiariodesanpedro.com.ar\/sitio\/wp-json\/wp\/v2\/tags?post=42154"}],"curies":[{"name":"wp","href":"https:\/\/api.w.org\/{rel}","templated":true}]}}