{"id":42148,"date":"2018-10-18T20:11:59","date_gmt":"2018-10-18T23:11:59","guid":{"rendered":"https:\/\/eldiariodesanpedro.com.ar\/sitio\/?p=42148"},"modified":"2026-01-24T00:09:15","modified_gmt":"2026-01-24T03:09:15","slug":"torneo-sub-13-de-clubes-gran-torneo-de-independencia-fc","status":"publish","type":"post","link":"https:\/\/eldiariodesanpedro.com.ar\/sitio\/torneo-sub-13-de-clubes-gran-torneo-de-independencia-fc\/","title":{"rendered":"TORNEO SUB 13 DE CLUBES: Gran torneo de Independencia FC"},"content":{"rendered":"<p><!-- VideographyWP Plugin Message: Automatic video embedding prevented by plugin options. --><br \/>\n  El Sub 13 de Independencia F\u00fatbol Club super\u00f3 a Regatas en San Nicol\u00e1s por 3 a 1 en cotejo de la 5\u00ba fecha del Grupo B del Torneo de Clubes que organiza la Federaci\u00f3n Norte de F\u00fatbol. El elenco sampedrino est\u00e1 puntero e invicto.<br \/>\n  Otro triunfo m\u00e1s y van\u2026Independencia en lo que va del a\u00f1o en la categor\u00eda 2005 no conoce la derrota y el invicto lo traslada al certamen juvenil de Federaci\u00f3n Norte donde es \u00fanico puntero del grupo B y ya clasificado para la pr\u00f3xima instancia con cuatro triunfos y un empate.<br \/>\n  Este mi\u00e9rcoles en el \u201cPrado Espa\u00f1ol\u201d del Club Regatas de San Nicol\u00e1s sup\u00e8r\u00f3 al local por 3 a 1 con dos goles de Melgar y el restante de Porcell, siendo el descuento por Colella. Regatas fue el \u00fanico que le sac\u00f3 un empate en San Pedro.<br \/>\n  Dirigi\u00f3 H\u00e9ctor C\u00e1ceres de la Liga de Pergamino e Independencia FC form\u00f3 con: Alderete, Soto, Posadas, Brienza, Moyano, Leiva, Melgar, Fern\u00e1ndez, Rufach, Gast\u00f3n Abaca y Porcell. DT: Mauro Sandoval<br \/>\nRelevos: Dom\u00ednguez, Kloster, Balbuena y Kevin Abaca.<\/p>\n","protected":false},"excerpt":{"rendered":"<p>El Sub 13 de Independencia F\u00fatbol Club super\u00f3 a Regatas en San Nicol\u00e1s por 3 a 1 en cotejo de la 5\u00ba fecha del Grupo B del Torneo de Clubes que organiza la Federaci\u00f3n Norte de F\u00fatbol. El elenco sampedrino est\u00e1 puntero e invicto. Otro triunfo m\u00e1s y van\u2026Independencia en lo que va del a\u00f1o [&hellip;]<\/p>\n","protected":false},"author":4,"featured_media":35528,"comment_status":"open","ping_status":"closed","sticky":false,"template":"","format":"standard","meta":{"om_disable_all_campaigns":false,"_jetpack_memberships_contains_paid_content":false,"footnotes":""},"categories":[5],"tags":[],"class_list":["post-42148","post","type-post","status-publish","format-standard","has-post-thumbnail","hentry","category-deportes"],"aioseo_notices":[],"gutentor_comment":0,"jetpack_featured_media_url":"https:\/\/eldiariodesanpedro.com.ar\/sitio\/wp-content\/uploads\/2018\/06\/futbol-5.jpg","jetpack_shortlink":"https:\/\/wp.me\/p6RhLt-aXO","jetpack_sharing_enabled":true,"_links":{"self":[{"href":"https:\/\/eldiariodesanpedro.com.ar\/sitio\/wp-json\/wp\/v2\/posts\/42148","targetHints":{"allow":["GET"]}}],"collection":[{"href":"https:\/\/eldiariodesanpedro.com.ar\/sitio\/wp-json\/wp\/v2\/posts"}],"about":[{"href":"https:\/\/eldiariodesanpedro.com.ar\/sitio\/wp-json\/wp\/v2\/types\/post"}],"author":[{"embeddable":true,"href":"https:\/\/eldiariodesanpedro.com.ar\/sitio\/wp-json\/wp\/v2\/users\/4"}],"replies":[{"embeddable":true,"href":"https:\/\/eldiariodesanpedro.com.ar\/sitio\/wp-json\/wp\/v2\/comments?post=42148"}],"version-history":[{"count":2,"href":"https:\/\/eldiariodesanpedro.com.ar\/sitio\/wp-json\/wp\/v2\/posts\/42148\/revisions"}],"predecessor-version":[{"id":42150,"href":"https:\/\/eldiariodesanpedro.com.ar\/sitio\/wp-json\/wp\/v2\/posts\/42148\/revisions\/42150"}],"wp:featuredmedia":[{"embeddable":true,"href":"https:\/\/eldiariodesanpedro.com.ar\/sitio\/wp-json\/wp\/v2\/media\/35528"}],"wp:attachment":[{"href":"https:\/\/eldiariodesanpedro.com.ar\/sitio\/wp-json\/wp\/v2\/media?parent=42148"}],"wp:term":[{"taxonomy":"category","embeddable":true,"href":"https:\/\/eldiariodesanpedro.com.ar\/sitio\/wp-json\/wp\/v2\/categories?post=42148"},{"taxonomy":"post_tag","embeddable":true,"href":"https:\/\/eldiariodesanpedro.com.ar\/sitio\/wp-json\/wp\/v2\/tags?post=42148"}],"curies":[{"name":"wp","href":"https:\/\/api.w.org\/{rel}","templated":true}]}}