{"id":42143,"date":"2018-10-18T20:10:06","date_gmt":"2018-10-18T23:10:06","guid":{"rendered":"https:\/\/eldiariodesanpedro.com.ar\/sitio\/?p=42143"},"modified":"2026-01-24T00:09:15","modified_gmt":"2026-01-24T03:09:15","slug":"ciclismo-todos-lo-que-ocurrio-en-el-panoramico-y-paz-chipolini-el-1-2-en-s-a-de-giles","status":"publish","type":"post","link":"https:\/\/eldiariodesanpedro.com.ar\/sitio\/ciclismo-todos-lo-que-ocurrio-en-el-panoramico-y-paz-chipolini-el-1-2-en-s-a-de-giles\/","title":{"rendered":"CICLISMO: Todos lo que ocurri\u00f3 en el Panor\u00e1mico y Paz-Chipolini el 1-2 en S. A. de Giles."},"content":{"rendered":"<p><!-- VideographyWP Plugin Message: Automatic video embedding prevented by plugin options. --><br \/>\nEn el circuito Municipal de San Andr\u00e9s Giles, se realiz\u00f3 el lunes 15, feriado, el programa anunciado, donde en la categor\u00eda Promo los sampedrinos Paz y Chipolini, hicieron el 1-2.<\/p>\n<p><strong>Clasificaci\u00f3n<\/strong><br \/>\n<strong>Promocionales y Juveniles 2001\/02\/03<\/strong><br \/>\n1\u00b0 Juan Paz (San Pedro)<br \/>\n2\u00b0 Francisco Chipolini (San Pedro)<br \/>\n3\u00b0 Rodrigo Corro (9 de Julio)<br \/>\n4\u00b0 Lucio Formigo (Magdalena)<br \/>\n5\u00b0 Maximiliano Colzani (Col\u00f3n)<\/p>\n<p><strong>En San Pedro<\/strong><br \/>\n  En el programa organizado por Pro Ciclismo San Pedro en el Circuito Panor\u00e1mico del Oeste Carlos Giuliani, \u201cpale\u00f3\u201d en el momento justo, donde atento estaba el rosarino Adri\u00e1n Ontivero para soldar su rueda al sampedrino y acrecentar las diferencias a favor, vueltas tras vueltas y llegar a definir el escal\u00f3n m\u00e1s alto del podio principal con un circuito de ventaja; Giuliani, resulto ganador, Ontivero lo escolto, mientras en las dem\u00e1s categor\u00edas triunfaron, Daniel Chipolini, Roberto G\u00f3mez, Rub\u00e9n Gonz\u00e1lez y Luis Alegre.<br \/>\n  Estas fueron todas las clasificaciones de las categor\u00edas realizadas el domingo 15 de octubre.<\/p>\n<p><strong>INFANTILES<\/strong><br \/>\nPARTICIPARON: Alma Sbert \u2013 Jonathan Quintana \u2013 Thiago Gonz\u00e1lez (San Lorenzo) \u2013 Just\u00edn Giuliani \u2013 Laureano Cardoso \u2013 Santiago Gru\u00f1eiro (San Nicol\u00e1s) \u2013 Fantino Giuliani &#8211; <\/p>\n<p><strong>PE\u00d1A CICLISTAS SAMPEDRINOS<\/strong><br \/>\n1\u00ba Daniel Chipolini<br \/>\n2\u00ba Claudio Palacios<br \/>\n3\u00ba Luis Chilelli<br \/>\n4\u00ba Ra\u00fal Canabal<br \/>\n5\u00ba Omar Cardenia<\/p>\n<p><strong>M\u00c1STER \u201cD\u201d Y DAMAS<\/strong><br \/>\n1\u00ba Roberto G\u00f3mez (Capilla del Se\u00f1or)<br \/>\n2\u00ba H\u00e9ctor Larguero (Lomas de Zamora)<br \/>\n3\u00ba Carlos Raies (Pergamino)<br \/>\n4\u00ba Roberto Liberatore (Rosario)<br \/>\n5\u00ba Rub\u00e9n Morales (San Pedro)<\/p>\n<p><strong>MASTER \u201cB-2\u201d Y \u201cC\u201d<\/strong><br \/>\n1\u00ba Rub\u00e9n \u201cPillo\u201d Gonz\u00e1lez (Zarate)<br \/>\n2\u00ba Edgardo Berasaluce (Colon)<br \/>\n3\u00ba Alejandro Mohr (Arrecifes)<br \/>\n4\u00ba Adri\u00e1n Garc\u00eda (Venado Tuerto)<br \/>\n5\u00ba Jorge Cogliati (Rosario)<br \/>\n6\u00ba Daniel Boaglio (San Pedro)<br \/>\n7\u00ba Fernando \u201cPalomo\u201d Corval\u00e1n (San Pedro)<br \/>\n8\u00ba Sergio Lucero (Capit\u00e1n Sarmiento)<\/p>\n<p><strong>M\u00c1STER \u201cB\u201d<\/strong><br \/>\n1\u00ba Luis \u201cWichi\u201d Alegre (Capit\u00e1n Sarmiento)<br \/>\n2\u00ba Juan Pablo Villarruel (San Pedro)<br \/>\n3\u00ba Ezequiel Barcala (San Nicol\u00e1s)<\/p>\n<p><strong>PROMO &#8211; M\u00c1STER \u201cA\u201d Y \u201cB-1\u201d<\/strong><br \/>\n1\u00ba Carlos Giuliani (San Pedro)<br \/>\n2\u00ba Adri\u00e1n Ontivero (Rosario)<br \/>\n3\u00ba Justin Joachin (La Luisa)<br \/>\n4\u00ba Mariano Manzo (San Pedro)<br \/>\n5\u00ba Juan Rodr\u00edguez-Capit\u00e1n Sarmiento)<\/p>\n<p>Ganadores embalajes especiales: Cristian Monz\u00f3n \u2013 Marcelo Albornoz (Z\u00e1rate) \u2013 Juan Jos\u00e9 Paz \u2013 Juan Rodr\u00edguez (Capit\u00e1n Sarmiento) \u2013 Just\u00edn Joach\u00edn (La Luisa) \u2013 Marcos Barraza.<\/p>\n","protected":false},"excerpt":{"rendered":"<p>En el circuito Municipal de San Andr\u00e9s Giles, se realiz\u00f3 el lunes 15, feriado, el programa anunciado, donde en la categor\u00eda Promo los sampedrinos Paz y Chipolini, hicieron el 1-2. Clasificaci\u00f3n Promocionales y Juveniles 2001\/02\/03 1\u00b0 Juan Paz (San Pedro) 2\u00b0 Francisco Chipolini (San Pedro) 3\u00b0 Rodrigo Corro (9 de Julio) 4\u00b0 Lucio Formigo (Magdalena) [&hellip;]<\/p>\n","protected":false},"author":4,"featured_media":42145,"comment_status":"open","ping_status":"closed","sticky":false,"template":"","format":"standard","meta":{"om_disable_all_campaigns":false,"_jetpack_memberships_contains_paid_content":false,"footnotes":""},"categories":[5],"tags":[],"class_list":["post-42143","post","type-post","status-publish","format-standard","has-post-thumbnail","hentry","category-deportes"],"aioseo_notices":[],"gutentor_comment":0,"jetpack_featured_media_url":"https:\/\/eldiariodesanpedro.com.ar\/sitio\/wp-content\/uploads\/2018\/10\/foto-2-19-10-18.jpg","jetpack_shortlink":"https:\/\/wp.me\/p6RhLt-aXJ","jetpack_sharing_enabled":true,"_links":{"self":[{"href":"https:\/\/eldiariodesanpedro.com.ar\/sitio\/wp-json\/wp\/v2\/posts\/42143","targetHints":{"allow":["GET"]}}],"collection":[{"href":"https:\/\/eldiariodesanpedro.com.ar\/sitio\/wp-json\/wp\/v2\/posts"}],"about":[{"href":"https:\/\/eldiariodesanpedro.com.ar\/sitio\/wp-json\/wp\/v2\/types\/post"}],"author":[{"embeddable":true,"href":"https:\/\/eldiariodesanpedro.com.ar\/sitio\/wp-json\/wp\/v2\/users\/4"}],"replies":[{"embeddable":true,"href":"https:\/\/eldiariodesanpedro.com.ar\/sitio\/wp-json\/wp\/v2\/comments?post=42143"}],"version-history":[{"count":1,"href":"https:\/\/eldiariodesanpedro.com.ar\/sitio\/wp-json\/wp\/v2\/posts\/42143\/revisions"}],"predecessor-version":[{"id":42147,"href":"https:\/\/eldiariodesanpedro.com.ar\/sitio\/wp-json\/wp\/v2\/posts\/42143\/revisions\/42147"}],"wp:featuredmedia":[{"embeddable":true,"href":"https:\/\/eldiariodesanpedro.com.ar\/sitio\/wp-json\/wp\/v2\/media\/42145"}],"wp:attachment":[{"href":"https:\/\/eldiariodesanpedro.com.ar\/sitio\/wp-json\/wp\/v2\/media?parent=42143"}],"wp:term":[{"taxonomy":"category","embeddable":true,"href":"https:\/\/eldiariodesanpedro.com.ar\/sitio\/wp-json\/wp\/v2\/categories?post=42143"},{"taxonomy":"post_tag","embeddable":true,"href":"https:\/\/eldiariodesanpedro.com.ar\/sitio\/wp-json\/wp\/v2\/tags?post=42143"}],"curies":[{"name":"wp","href":"https:\/\/api.w.org\/{rel}","templated":true}]}}