{"id":42137,"date":"2018-10-18T20:06:54","date_gmt":"2018-10-18T23:06:54","guid":{"rendered":"https:\/\/eldiariodesanpedro.com.ar\/sitio\/?p=42137"},"modified":"2026-01-24T00:09:17","modified_gmt":"2026-01-24T03:09:17","slug":"boxeo-este-viernes-por-la-noche-en-el-gimnasio-municipal-12-peleas","status":"publish","type":"post","link":"https:\/\/eldiariodesanpedro.com.ar\/sitio\/boxeo-este-viernes-por-la-noche-en-el-gimnasio-municipal-12-peleas\/","title":{"rendered":"BOXEO: Este viernes por la noche en el Gimnasio Municipal 12 peleas"},"content":{"rendered":"<p><!-- VideographyWP Plugin Message: Automatic video embedding prevented by plugin options. --><br \/>\nDesde las 21 horas la organizaci\u00f3n anunci\u00f3 el comienzo del festival box\u00edstico amateur con doce peleas. Entre otras estar\u00e1n arriba del ring Gonzalo Panelo, Tom\u00e1s Be, Tob\u00edas Calvera, Leonel Carbonell. En el semifondo Kevin Castelucci ante mateo Soto y en las de fondo Emiliano Borda con Ezequiel Ojeda y Gustavo De los Santos-Cristofer Zeite.<\/p>\n","protected":false},"excerpt":{"rendered":"<p>Desde las 21 horas la organizaci\u00f3n anunci\u00f3 el comienzo del festival box\u00edstico amateur con doce peleas. Entre otras estar\u00e1n arriba del ring Gonzalo Panelo, Tom\u00e1s Be, Tob\u00edas Calvera, Leonel Carbonell. En el semifondo Kevin Castelucci ante mateo Soto y en las de fondo Emiliano Borda con Ezequiel Ojeda y Gustavo De los Santos-Cristofer Zeite.<\/p>\n","protected":false},"author":4,"featured_media":5515,"comment_status":"open","ping_status":"closed","sticky":false,"template":"","format":"standard","meta":{"om_disable_all_campaigns":false,"_jetpack_memberships_contains_paid_content":false,"footnotes":""},"categories":[5],"tags":[],"class_list":["post-42137","post","type-post","status-publish","format-standard","has-post-thumbnail","hentry","category-deportes"],"aioseo_notices":[],"gutentor_comment":0,"jetpack_featured_media_url":"https:\/\/eldiariodesanpedro.com.ar\/sitio\/wp-content\/uploads\/2016\/06\/boxeo.jpg","jetpack_shortlink":"https:\/\/wp.me\/p6RhLt-aXD","jetpack_sharing_enabled":true,"_links":{"self":[{"href":"https:\/\/eldiariodesanpedro.com.ar\/sitio\/wp-json\/wp\/v2\/posts\/42137","targetHints":{"allow":["GET"]}}],"collection":[{"href":"https:\/\/eldiariodesanpedro.com.ar\/sitio\/wp-json\/wp\/v2\/posts"}],"about":[{"href":"https:\/\/eldiariodesanpedro.com.ar\/sitio\/wp-json\/wp\/v2\/types\/post"}],"author":[{"embeddable":true,"href":"https:\/\/eldiariodesanpedro.com.ar\/sitio\/wp-json\/wp\/v2\/users\/4"}],"replies":[{"embeddable":true,"href":"https:\/\/eldiariodesanpedro.com.ar\/sitio\/wp-json\/wp\/v2\/comments?post=42137"}],"version-history":[{"count":2,"href":"https:\/\/eldiariodesanpedro.com.ar\/sitio\/wp-json\/wp\/v2\/posts\/42137\/revisions"}],"predecessor-version":[{"id":42144,"href":"https:\/\/eldiariodesanpedro.com.ar\/sitio\/wp-json\/wp\/v2\/posts\/42137\/revisions\/42144"}],"wp:featuredmedia":[{"embeddable":true,"href":"https:\/\/eldiariodesanpedro.com.ar\/sitio\/wp-json\/wp\/v2\/media\/5515"}],"wp:attachment":[{"href":"https:\/\/eldiariodesanpedro.com.ar\/sitio\/wp-json\/wp\/v2\/media?parent=42137"}],"wp:term":[{"taxonomy":"category","embeddable":true,"href":"https:\/\/eldiariodesanpedro.com.ar\/sitio\/wp-json\/wp\/v2\/categories?post=42137"},{"taxonomy":"post_tag","embeddable":true,"href":"https:\/\/eldiariodesanpedro.com.ar\/sitio\/wp-json\/wp\/v2\/tags?post=42137"}],"curies":[{"name":"wp","href":"https:\/\/api.w.org\/{rel}","templated":true}]}}