{"id":42135,"date":"2018-10-18T20:07:31","date_gmt":"2018-10-18T23:07:31","guid":{"rendered":"https:\/\/eldiariodesanpedro.com.ar\/sitio\/?p=42135"},"modified":"2026-01-24T00:09:15","modified_gmt":"2026-01-24T03:09:15","slug":"baby-futbol-se-jugo-la-fecha-8-del-torneo-clausura","status":"publish","type":"post","link":"https:\/\/eldiariodesanpedro.com.ar\/sitio\/baby-futbol-se-jugo-la-fecha-8-del-torneo-clausura\/","title":{"rendered":"BABY F\u00daTBOL: Se jug\u00f3 la fecha 8 del Torneo Clausura"},"content":{"rendered":"<p><!-- VideographyWP Plugin Message: Automatic video embedding prevented by plugin options. --><br \/>\nLa \u00faltima jornada que se disput\u00f3 por el f\u00fatbol infantil dej\u00f3 ya equipos campeones en las categor\u00edas m\u00e1s chicas, 2011 y 2010, las cuales de igualar el primer lugar no tiene finales, por lo tanto, todos aquellos que lleguen en el sitial de privilegio son campeones.<br \/>\nEn 2011 Villa Igoillo en zona \u201cA\u201d y Paran\u00e1 en la \u201cB\u201d campeones, mientras que en categor\u00eda 2010 Paran\u00e1 en el grupo \u201cB\u201d y Mitre en el \u201cD\u201d.<\/p>\n<p><strong>Resultados<\/strong><br \/>\n<img decoding=\"async\" data-attachment-id=\"42138\" data-permalink=\"https:\/\/eldiariodesanpedro.com.ar\/sitio\/baby-futbol-se-jugo-la-fecha-8-del-torneo-clausura\/info-19-10-18-resultados\/\" data-orig-file=\"https:\/\/eldiariodesanpedro.com.ar\/sitio\/wp-content\/uploads\/2018\/10\/INFO-19-10-18-resultados.jpg\" data-orig-size=\"552,448\" data-comments-opened=\"1\" data-image-meta=\"{&quot;aperture&quot;:&quot;0&quot;,&quot;credit&quot;:&quot;&quot;,&quot;camera&quot;:&quot;&quot;,&quot;caption&quot;:&quot;&quot;,&quot;created_timestamp&quot;:&quot;0&quot;,&quot;copyright&quot;:&quot;&quot;,&quot;focal_length&quot;:&quot;0&quot;,&quot;iso&quot;:&quot;0&quot;,&quot;shutter_speed&quot;:&quot;0&quot;,&quot;title&quot;:&quot;&quot;,&quot;orientation&quot;:&quot;0&quot;}\" data-image-title=\"INFO 19-10-18 resultados\" data-image-description=\"\" data-image-caption=\"\" data-large-file=\"https:\/\/eldiariodesanpedro.com.ar\/sitio\/wp-content\/uploads\/2018\/10\/INFO-19-10-18-resultados.jpg\" class=\"alignnone size-full wp-image-42138 lazyload\" data-src=\"https:\/\/eldiariodesanpedro.com.ar\/sitio\/wp-content\/uploads\/2018\/10\/INFO-19-10-18-resultados.jpg\" alt=\"\" width=\"552\" height=\"448\" data-srcset=\"https:\/\/eldiariodesanpedro.com.ar\/sitio\/wp-content\/uploads\/2018\/10\/INFO-19-10-18-resultados.jpg 552w, https:\/\/eldiariodesanpedro.com.ar\/sitio\/wp-content\/uploads\/2018\/10\/INFO-19-10-18-resultados-300x243.jpg 300w\" data-sizes=\"(max-width: 552px) 100vw, 552px\" src=\"data:image\/svg+xml;base64,PHN2ZyB3aWR0aD0iMSIgaGVpZ2h0PSIxIiB4bWxucz0iaHR0cDovL3d3dy53My5vcmcvMjAwMC9zdmciPjwvc3ZnPg==\" style=\"--smush-placeholder-width: 552px; --smush-placeholder-aspect-ratio: 552\/448;\" \/><\/p>\n","protected":false},"excerpt":{"rendered":"<p>La \u00faltima jornada que se disput\u00f3 por el f\u00fatbol infantil dej\u00f3 ya equipos campeones en las categor\u00edas m\u00e1s chicas, 2011 y 2010, las cuales de igualar el primer lugar no tiene finales, por lo tanto, todos aquellos que lleguen en el sitial de privilegio son campeones. En 2011 Villa Igoillo en zona \u201cA\u201d y Paran\u00e1 [&hellip;]<\/p>\n","protected":false},"author":4,"featured_media":42140,"comment_status":"open","ping_status":"closed","sticky":false,"template":"","format":"standard","meta":{"om_disable_all_campaigns":false,"_jetpack_memberships_contains_paid_content":false,"footnotes":""},"categories":[5],"tags":[],"class_list":["post-42135","post","type-post","status-publish","format-standard","has-post-thumbnail","hentry","category-deportes"],"aioseo_notices":[],"gutentor_comment":0,"jetpack_featured_media_url":"https:\/\/eldiariodesanpedro.com.ar\/sitio\/wp-content\/uploads\/2018\/10\/Paran\u00e1-jug\u00f3-ante-El-Tanque.jpg","jetpack_shortlink":"https:\/\/wp.me\/p6RhLt-aXB","jetpack_sharing_enabled":true,"_links":{"self":[{"href":"https:\/\/eldiariodesanpedro.com.ar\/sitio\/wp-json\/wp\/v2\/posts\/42135","targetHints":{"allow":["GET"]}}],"collection":[{"href":"https:\/\/eldiariodesanpedro.com.ar\/sitio\/wp-json\/wp\/v2\/posts"}],"about":[{"href":"https:\/\/eldiariodesanpedro.com.ar\/sitio\/wp-json\/wp\/v2\/types\/post"}],"author":[{"embeddable":true,"href":"https:\/\/eldiariodesanpedro.com.ar\/sitio\/wp-json\/wp\/v2\/users\/4"}],"replies":[{"embeddable":true,"href":"https:\/\/eldiariodesanpedro.com.ar\/sitio\/wp-json\/wp\/v2\/comments?post=42135"}],"version-history":[{"count":2,"href":"https:\/\/eldiariodesanpedro.com.ar\/sitio\/wp-json\/wp\/v2\/posts\/42135\/revisions"}],"predecessor-version":[{"id":42146,"href":"https:\/\/eldiariodesanpedro.com.ar\/sitio\/wp-json\/wp\/v2\/posts\/42135\/revisions\/42146"}],"wp:featuredmedia":[{"embeddable":true,"href":"https:\/\/eldiariodesanpedro.com.ar\/sitio\/wp-json\/wp\/v2\/media\/42140"}],"wp:attachment":[{"href":"https:\/\/eldiariodesanpedro.com.ar\/sitio\/wp-json\/wp\/v2\/media?parent=42135"}],"wp:term":[{"taxonomy":"category","embeddable":true,"href":"https:\/\/eldiariodesanpedro.com.ar\/sitio\/wp-json\/wp\/v2\/categories?post=42135"},{"taxonomy":"post_tag","embeddable":true,"href":"https:\/\/eldiariodesanpedro.com.ar\/sitio\/wp-json\/wp\/v2\/tags?post=42135"}],"curies":[{"name":"wp","href":"https:\/\/api.w.org\/{rel}","templated":true}]}}