{"id":42130,"date":"2018-10-18T20:03:00","date_gmt":"2018-10-18T23:03:00","guid":{"rendered":"https:\/\/eldiariodesanpedro.com.ar\/sitio\/?p=42130"},"modified":"2018-10-18T20:03:00","modified_gmt":"2018-10-18T23:03:00","slug":"san-nicolas-un-motociclista-recibio-un-disparo-en-la-cabeza","status":"publish","type":"post","link":"https:\/\/eldiariodesanpedro.com.ar\/sitio\/san-nicolas-un-motociclista-recibio-un-disparo-en-la-cabeza\/","title":{"rendered":"SAN NICOL\u00c1S: Un motociclista recibi\u00f3 un disparo en la cabeza"},"content":{"rendered":"<p><!-- VideographyWP Plugin Message: Automatic video embedding prevented by plugin options. --><br \/>\nEn horas de la noche del mi\u00e9rcoles un joven de 20 a\u00f1os recibi\u00f3 un disparo en la cabeza cuando circulaba por Av. Alberdi a la altura de Gin\u00e9s Garc\u00eda.<br \/>\nSigui\u00f3 manejando y al llegar a calle Baldrich a metros de Rucci cay\u00f3 al piso. Un efectivo policial que estaba en la esquina lo vio y se acerc\u00f3 a auxiliarlo.<\/p>\n<p>  El sujeto continuaba consciente y cont\u00f3 d\u00f3nde recibi\u00f3 el disparo.<\/p>\n<p>  De inmediato fue trasladado hasta el Hospital San Felipe donde se constat\u00f3 que presentaba una herida de arma de fuego en el parietal izquierdo sin ingreso a la zona craneana. La lesi\u00f3n fue considerada de car\u00e1cter leve, pero permanece internado en observaci\u00f3n a la espera de su evoluci\u00f3n.<br \/>\n  La v\u00edctima habr\u00eda logrado identificar a sus agresores y la Fiscal\u00eda se encuentra trabajando en la investigaci\u00f3n del hecho.<\/p>\n<p>Fuente: Diario El Norte<\/p>\n","protected":false},"excerpt":{"rendered":"<p>En horas de la noche del mi\u00e9rcoles un joven de 20 a\u00f1os recibi\u00f3 un disparo en la cabeza cuando circulaba por Av. Alberdi a la altura de Gin\u00e9s Garc\u00eda. Sigui\u00f3 manejando y al llegar a calle Baldrich a metros de Rucci cay\u00f3 al piso. Un efectivo policial que estaba en la esquina lo vio y [&hellip;]<\/p>\n","protected":false},"author":4,"featured_media":24562,"comment_status":"open","ping_status":"closed","sticky":false,"template":"","format":"standard","meta":{"om_disable_all_campaigns":false,"_jetpack_memberships_contains_paid_content":false,"footnotes":""},"categories":[621],"tags":[],"class_list":["post-42130","post","type-post","status-publish","format-standard","has-post-thumbnail","hentry","category-regionales"],"aioseo_notices":[],"gutentor_comment":0,"jetpack_featured_media_url":"https:\/\/eldiariodesanpedro.com.ar\/sitio\/wp-content\/uploads\/2017\/10\/policia-patrulla-noche.jpg","jetpack_shortlink":"https:\/\/wp.me\/p6RhLt-aXw","jetpack_sharing_enabled":true,"_links":{"self":[{"href":"https:\/\/eldiariodesanpedro.com.ar\/sitio\/wp-json\/wp\/v2\/posts\/42130","targetHints":{"allow":["GET"]}}],"collection":[{"href":"https:\/\/eldiariodesanpedro.com.ar\/sitio\/wp-json\/wp\/v2\/posts"}],"about":[{"href":"https:\/\/eldiariodesanpedro.com.ar\/sitio\/wp-json\/wp\/v2\/types\/post"}],"author":[{"embeddable":true,"href":"https:\/\/eldiariodesanpedro.com.ar\/sitio\/wp-json\/wp\/v2\/users\/4"}],"replies":[{"embeddable":true,"href":"https:\/\/eldiariodesanpedro.com.ar\/sitio\/wp-json\/wp\/v2\/comments?post=42130"}],"version-history":[{"count":2,"href":"https:\/\/eldiariodesanpedro.com.ar\/sitio\/wp-json\/wp\/v2\/posts\/42130\/revisions"}],"predecessor-version":[{"id":42136,"href":"https:\/\/eldiariodesanpedro.com.ar\/sitio\/wp-json\/wp\/v2\/posts\/42130\/revisions\/42136"}],"wp:featuredmedia":[{"embeddable":true,"href":"https:\/\/eldiariodesanpedro.com.ar\/sitio\/wp-json\/wp\/v2\/media\/24562"}],"wp:attachment":[{"href":"https:\/\/eldiariodesanpedro.com.ar\/sitio\/wp-json\/wp\/v2\/media?parent=42130"}],"wp:term":[{"taxonomy":"category","embeddable":true,"href":"https:\/\/eldiariodesanpedro.com.ar\/sitio\/wp-json\/wp\/v2\/categories?post=42130"},{"taxonomy":"post_tag","embeddable":true,"href":"https:\/\/eldiariodesanpedro.com.ar\/sitio\/wp-json\/wp\/v2\/tags?post=42130"}],"curies":[{"name":"wp","href":"https:\/\/api.w.org\/{rel}","templated":true}]}}