{"id":42129,"date":"2018-10-18T20:01:35","date_gmt":"2018-10-18T23:01:35","guid":{"rendered":"https:\/\/eldiariodesanpedro.com.ar\/sitio\/?p=42129"},"modified":"2018-10-18T20:01:35","modified_gmt":"2018-10-18T23:01:35","slug":"pergamino-se-formo-un-tornado-muy-cerca-de-la-ciudad","status":"publish","type":"post","link":"https:\/\/eldiariodesanpedro.com.ar\/sitio\/pergamino-se-formo-un-tornado-muy-cerca-de-la-ciudad\/","title":{"rendered":"PERGAMINO: Se form\u00f3 un tornado muy cerca de la ciudad"},"content":{"rendered":"<p><!-- VideographyWP Plugin Message: Automatic video embedding prevented by plugin options. --><br \/>\nEl instante en que se produjo el fen\u00f3meno atmosf\u00e9rico fue captado por un fot\u00f3grafo. No provoc\u00f3 da\u00f1os.<\/p>\n<p>  Un tornado no supercelular se form\u00f3 el mi\u00e9rcoles a la tarde en una zona rural entre Rojas y Pergamino.<br \/>\n  Un aficionado consigui\u00f3 fotografiarlo en el momento en que tocaba el suelo. El fen\u00f3meno atmosf\u00e9rico dur\u00f3 poco tiempo y no provoc\u00f3 da\u00f1os.<br \/>\n  El Servicio Meteorol\u00f3gico Nacional (SMN) public\u00f3 en su cuenta de Twitter @SMN_Argentina una foto de un tornado que se produjo entre las ciudades de Rojas y Pergamino. El mensaje aclara que se dio en una zona rural, que no hubo da\u00f1os y que se trat\u00f3 de un tornado no supercelular.<\/p>\n<p>Fuente: Pergamino Verdad<\/p>\n","protected":false},"excerpt":{"rendered":"<p>El instante en que se produjo el fen\u00f3meno atmosf\u00e9rico fue captado por un fot\u00f3grafo. No provoc\u00f3 da\u00f1os. Un tornado no supercelular se form\u00f3 el mi\u00e9rcoles a la tarde en una zona rural entre Rojas y Pergamino. Un aficionado consigui\u00f3 fotografiarlo en el momento en que tocaba el suelo. El fen\u00f3meno atmosf\u00e9rico dur\u00f3 poco tiempo y [&hellip;]<\/p>\n","protected":false},"author":4,"featured_media":42131,"comment_status":"open","ping_status":"closed","sticky":false,"template":"","format":"standard","meta":{"om_disable_all_campaigns":false,"_jetpack_memberships_contains_paid_content":false,"footnotes":""},"categories":[621],"tags":[],"class_list":["post-42129","post","type-post","status-publish","format-standard","has-post-thumbnail","hentry","category-regionales"],"aioseo_notices":[],"gutentor_comment":0,"jetpack_featured_media_url":"https:\/\/eldiariodesanpedro.com.ar\/sitio\/wp-content\/uploads\/2018\/10\/El-momento-de-formaci\u00f3n-del-tornado-registrado-por-un-aficionado.jpg","jetpack_shortlink":"https:\/\/wp.me\/p6RhLt-aXv","jetpack_sharing_enabled":true,"_links":{"self":[{"href":"https:\/\/eldiariodesanpedro.com.ar\/sitio\/wp-json\/wp\/v2\/posts\/42129","targetHints":{"allow":["GET"]}}],"collection":[{"href":"https:\/\/eldiariodesanpedro.com.ar\/sitio\/wp-json\/wp\/v2\/posts"}],"about":[{"href":"https:\/\/eldiariodesanpedro.com.ar\/sitio\/wp-json\/wp\/v2\/types\/post"}],"author":[{"embeddable":true,"href":"https:\/\/eldiariodesanpedro.com.ar\/sitio\/wp-json\/wp\/v2\/users\/4"}],"replies":[{"embeddable":true,"href":"https:\/\/eldiariodesanpedro.com.ar\/sitio\/wp-json\/wp\/v2\/comments?post=42129"}],"version-history":[{"count":1,"href":"https:\/\/eldiariodesanpedro.com.ar\/sitio\/wp-json\/wp\/v2\/posts\/42129\/revisions"}],"predecessor-version":[{"id":42133,"href":"https:\/\/eldiariodesanpedro.com.ar\/sitio\/wp-json\/wp\/v2\/posts\/42129\/revisions\/42133"}],"wp:featuredmedia":[{"embeddable":true,"href":"https:\/\/eldiariodesanpedro.com.ar\/sitio\/wp-json\/wp\/v2\/media\/42131"}],"wp:attachment":[{"href":"https:\/\/eldiariodesanpedro.com.ar\/sitio\/wp-json\/wp\/v2\/media?parent=42129"}],"wp:term":[{"taxonomy":"category","embeddable":true,"href":"https:\/\/eldiariodesanpedro.com.ar\/sitio\/wp-json\/wp\/v2\/categories?post=42129"},{"taxonomy":"post_tag","embeddable":true,"href":"https:\/\/eldiariodesanpedro.com.ar\/sitio\/wp-json\/wp\/v2\/tags?post=42129"}],"curies":[{"name":"wp","href":"https:\/\/api.w.org\/{rel}","templated":true}]}}