{"id":42118,"date":"2018-10-18T19:58:43","date_gmt":"2018-10-18T22:58:43","guid":{"rendered":"https:\/\/eldiariodesanpedro.com.ar\/sitio\/?p=42118"},"modified":"2018-10-18T19:58:43","modified_gmt":"2018-10-18T22:58:43","slug":"baradero-el-proyecto-para-la-construccion-del-parque-ribereno-paso-a-comision-de-obras","status":"publish","type":"post","link":"https:\/\/eldiariodesanpedro.com.ar\/sitio\/baradero-el-proyecto-para-la-construccion-del-parque-ribereno-paso-a-comision-de-obras\/","title":{"rendered":"BARADERO: El proyecto para la construcci\u00f3n del Parque Ribere\u00f1o pas\u00f3 a Comisi\u00f3n de Obras"},"content":{"rendered":"<p><!-- VideographyWP Plugin Message: Automatic video embedding prevented by plugin options. --><br \/>\nSin demasiadas observaciones, m\u00e1s que la lectura del ingreso del proyecto, el Concejo Deliberante propuso que se trate en la comisi\u00f3n correspondiente. Cabe recordar que miembros del Sindicato S.O.E.R.M, quienes actualmente tienen a su cargo la explotaci\u00f3n del lugar, estuvieron presentes en la sesi\u00f3n.<\/p>\n<p>  La presentaci\u00f3n gener\u00f3 pol\u00e9mica ayer por la ma\u00f1ana cuando se dio a conocer que la propuesta para la construcci\u00f3n de dicho espacio establece, entre otros puntos, se revisen los contratos de explotaci\u00f3n de \u201cLa Mutua\u201d y \u201cLuz y Fuerza\u201d.<br \/>\n  Mariano Pousa es el presidente de la Comisi\u00f3n de Obras P\u00fablicas que se re\u00fanen hoy mi\u00e9rcoles a las 10 de la ma\u00f1ana.<br \/>\n  En di\u00e1logo con Tu Radio el concejal de Cambiemos expres\u00f3: \u201crecibimos el proyecto. Nos reunimos en un rato. Hay que analizarlo y estar\u00e1 la posici\u00f3n de todos los concejales\u201d.<\/p>\n<p>Fuente: Tu L\u00ednea Directa<\/p>\n","protected":false},"excerpt":{"rendered":"<p>Sin demasiadas observaciones, m\u00e1s que la lectura del ingreso del proyecto, el Concejo Deliberante propuso que se trate en la comisi\u00f3n correspondiente. Cabe recordar que miembros del Sindicato S.O.E.R.M, quienes actualmente tienen a su cargo la explotaci\u00f3n del lugar, estuvieron presentes en la sesi\u00f3n. La presentaci\u00f3n gener\u00f3 pol\u00e9mica ayer por la ma\u00f1ana cuando se dio [&hellip;]<\/p>\n","protected":false},"author":4,"featured_media":42124,"comment_status":"open","ping_status":"closed","sticky":false,"template":"","format":"standard","meta":{"om_disable_all_campaigns":false,"_jetpack_memberships_contains_paid_content":false,"footnotes":""},"categories":[621],"tags":[],"class_list":["post-42118","post","type-post","status-publish","format-standard","has-post-thumbnail","hentry","category-regionales"],"aioseo_notices":[],"gutentor_comment":0,"jetpack_featured_media_url":"https:\/\/eldiariodesanpedro.com.ar\/sitio\/wp-content\/uploads\/2018\/10\/El-proyecto-para-la-construcci\u00f3n-del-Parque-Ribere\u00f1o-pas\u00f3-a-Comisi\u00f3n-de-Obras.jpg","jetpack_shortlink":"https:\/\/wp.me\/p6RhLt-aXk","jetpack_sharing_enabled":true,"_links":{"self":[{"href":"https:\/\/eldiariodesanpedro.com.ar\/sitio\/wp-json\/wp\/v2\/posts\/42118","targetHints":{"allow":["GET"]}}],"collection":[{"href":"https:\/\/eldiariodesanpedro.com.ar\/sitio\/wp-json\/wp\/v2\/posts"}],"about":[{"href":"https:\/\/eldiariodesanpedro.com.ar\/sitio\/wp-json\/wp\/v2\/types\/post"}],"author":[{"embeddable":true,"href":"https:\/\/eldiariodesanpedro.com.ar\/sitio\/wp-json\/wp\/v2\/users\/4"}],"replies":[{"embeddable":true,"href":"https:\/\/eldiariodesanpedro.com.ar\/sitio\/wp-json\/wp\/v2\/comments?post=42118"}],"version-history":[{"count":1,"href":"https:\/\/eldiariodesanpedro.com.ar\/sitio\/wp-json\/wp\/v2\/posts\/42118\/revisions"}],"predecessor-version":[{"id":42128,"href":"https:\/\/eldiariodesanpedro.com.ar\/sitio\/wp-json\/wp\/v2\/posts\/42118\/revisions\/42128"}],"wp:featuredmedia":[{"embeddable":true,"href":"https:\/\/eldiariodesanpedro.com.ar\/sitio\/wp-json\/wp\/v2\/media\/42124"}],"wp:attachment":[{"href":"https:\/\/eldiariodesanpedro.com.ar\/sitio\/wp-json\/wp\/v2\/media?parent=42118"}],"wp:term":[{"taxonomy":"category","embeddable":true,"href":"https:\/\/eldiariodesanpedro.com.ar\/sitio\/wp-json\/wp\/v2\/categories?post=42118"},{"taxonomy":"post_tag","embeddable":true,"href":"https:\/\/eldiariodesanpedro.com.ar\/sitio\/wp-json\/wp\/v2\/tags?post=42118"}],"curies":[{"name":"wp","href":"https:\/\/api.w.org\/{rel}","templated":true}]}}