{"id":42110,"date":"2018-10-18T19:54:50","date_gmt":"2018-10-18T22:54:50","guid":{"rendered":"https:\/\/eldiariodesanpedro.com.ar\/sitio\/?p=42110"},"modified":"2018-10-18T19:54:50","modified_gmt":"2018-10-18T22:54:50","slug":"arrecifes-pararon-la-obra-de-la-autopista-8","status":"publish","type":"post","link":"https:\/\/eldiariodesanpedro.com.ar\/sitio\/arrecifes-pararon-la-obra-de-la-autopista-8\/","title":{"rendered":"ARRECIFES: Pararon la obra de la autopista 8"},"content":{"rendered":"<p><!-- VideographyWP Plugin Message: Automatic video embedding prevented by plugin options. --><br \/>\nEl obrador instalado sobre la misma ruta 8, pasando la localidad de Todd, hace d\u00edas se observa inactivo.<\/p>\n<p>  Sobre el puente que cruza esa ruta en ese sector, el que ser\u00e1 parte de la nueva autopista y hace meses est\u00e1 detenido, cuelgan carteles de reclamo de despidos hacia la empresa JCR S.A. Las versiones sobre la no continuidad de la autov\u00eda Pilar-Pergamino son muchas, y el director de Producci\u00f3n y Empleo de la Municipalidad de Arrecifes se refiri\u00f3 al tema este lunes en Radio Uno (107.1).<br \/>\n  \u201cS\u00ed, la realidad es que la autopista lamentablemente est\u00e1 detenida en el tramo que atraviesa nuestro distrito, al menos en el obrador de Arrecifes. Hace un tiempo hubo m\u00e1s de 100 despidos, de los cuales 35 corresponden a trabajadores de nuestra ciudad. Por lo que hemos averiguado, moment\u00e1neamente no hay miras de que se retome. S\u00ed se sigue realizando, quiz\u00e1s no con la misma intensidad de antes, en distritos vecinos como Capit\u00e1n Sarmiento y Arrecifes\u201d, respondi\u00f3 con sinceridad el funcionario arrecife\u00f1o.<br \/>\n  \u201cResponsables de la empresa JCR nos han comentado que existe un atraso en los pagos y ellos no pueden absorber ese costo. Todos conocemos la dif\u00edcil situaci\u00f3n econ\u00f3mica en que se encuentra la Argentina y esta obra no es una excepci\u00f3n. Es lamentable, pero es as\u00ed. Ojal\u00e1 salgamos r\u00e1pidamente de esta crisis y la autopista 8, tan importante para nosotros, retome el avance que ven\u00eda mostrando\u201d, a\u00f1adi\u00f3 el ingeniero Filighera.<\/p>\n<p>Fuente: Arrecifes Noticias<\/p>\n","protected":false},"excerpt":{"rendered":"<p>El obrador instalado sobre la misma ruta 8, pasando la localidad de Todd, hace d\u00edas se observa inactivo. Sobre el puente que cruza esa ruta en ese sector, el que ser\u00e1 parte de la nueva autopista y hace meses est\u00e1 detenido, cuelgan carteles de reclamo de despidos hacia la empresa JCR S.A. Las versiones sobre [&hellip;]<\/p>\n","protected":false},"author":4,"featured_media":42112,"comment_status":"open","ping_status":"closed","sticky":false,"template":"","format":"standard","meta":{"om_disable_all_campaigns":false,"_jetpack_memberships_contains_paid_content":false,"footnotes":""},"categories":[621],"tags":[],"class_list":["post-42110","post","type-post","status-publish","format-standard","has-post-thumbnail","hentry","category-regionales"],"aioseo_notices":[],"gutentor_comment":0,"jetpack_featured_media_url":"https:\/\/eldiariodesanpedro.com.ar\/sitio\/wp-content\/uploads\/2018\/10\/PAGINA-6-DOS-3.jpg","jetpack_shortlink":"https:\/\/wp.me\/p6RhLt-aXc","jetpack_sharing_enabled":true,"_links":{"self":[{"href":"https:\/\/eldiariodesanpedro.com.ar\/sitio\/wp-json\/wp\/v2\/posts\/42110","targetHints":{"allow":["GET"]}}],"collection":[{"href":"https:\/\/eldiariodesanpedro.com.ar\/sitio\/wp-json\/wp\/v2\/posts"}],"about":[{"href":"https:\/\/eldiariodesanpedro.com.ar\/sitio\/wp-json\/wp\/v2\/types\/post"}],"author":[{"embeddable":true,"href":"https:\/\/eldiariodesanpedro.com.ar\/sitio\/wp-json\/wp\/v2\/users\/4"}],"replies":[{"embeddable":true,"href":"https:\/\/eldiariodesanpedro.com.ar\/sitio\/wp-json\/wp\/v2\/comments?post=42110"}],"version-history":[{"count":1,"href":"https:\/\/eldiariodesanpedro.com.ar\/sitio\/wp-json\/wp\/v2\/posts\/42110\/revisions"}],"predecessor-version":[{"id":42114,"href":"https:\/\/eldiariodesanpedro.com.ar\/sitio\/wp-json\/wp\/v2\/posts\/42110\/revisions\/42114"}],"wp:featuredmedia":[{"embeddable":true,"href":"https:\/\/eldiariodesanpedro.com.ar\/sitio\/wp-json\/wp\/v2\/media\/42112"}],"wp:attachment":[{"href":"https:\/\/eldiariodesanpedro.com.ar\/sitio\/wp-json\/wp\/v2\/media?parent=42110"}],"wp:term":[{"taxonomy":"category","embeddable":true,"href":"https:\/\/eldiariodesanpedro.com.ar\/sitio\/wp-json\/wp\/v2\/categories?post=42110"},{"taxonomy":"post_tag","embeddable":true,"href":"https:\/\/eldiariodesanpedro.com.ar\/sitio\/wp-json\/wp\/v2\/tags?post=42110"}],"curies":[{"name":"wp","href":"https:\/\/api.w.org\/{rel}","templated":true}]}}