{"id":42072,"date":"2018-10-18T14:59:42","date_gmt":"2018-10-18T17:59:42","guid":{"rendered":"https:\/\/eldiariodesanpedro.com.ar\/sitio\/?p=42072"},"modified":"2018-10-18T14:59:42","modified_gmt":"2018-10-18T17:59:42","slug":"coplac-tres-delincuentes-ingresaron-a-la-planta-y-el-sereno-pudo-evitar-el-robo","status":"publish","type":"post","link":"https:\/\/eldiariodesanpedro.com.ar\/sitio\/coplac-tres-delincuentes-ingresaron-a-la-planta-y-el-sereno-pudo-evitar-el-robo\/","title":{"rendered":"COPLAC: Tres delincuentes ingresaron a la planta y el sereno pudo evitar el robo"},"content":{"rendered":"<p><!-- VideographyWP Plugin Message: Automatic video embedding prevented by plugin options. --><br \/>\nEsta madrugada tres delincuentes ignorados ingresaron a la planta de COPLAC. El sereno pudo evitar el robo cuando los sorprendi\u00f3 cometiendo el delito. Los sujetos se dieron a la fuga descartando los elementos que se llevaban.<\/p>\n<p>El hecho ocurri\u00f3 esta madrugada en las instalaciones de la Empresa COPLAC, cuando delincuentes se metieron por la parte lateral al predio, ingresaron a la parte de mantenimiento y sustrayeron varios elementos como monitores, cables, microonda pero que dejaron tirados al darse a la fuga porque fueron sorprendidos por un sereno.<\/p>\n<p>El hecho tiene una particular caracter\u00edstica, hace horas que se realiz\u00f3 un inventario por parte de la Justicia Laboral por el embargo de los bienes de la empresa, pero solo para la parte de maquinarias y moldes de mayor porte, la misma se encuentra cerrada hace unos meses y con los empleados despedidos cumpliendo una medida de fuerza en la puerta principal.<\/p>\n<p>Para m\u00e1s detalles dialogamos con Sisto, el sereno quien nos contaba:\u00bb luego de hacer el recorrido con mi compa\u00f1ero escuchamos unos ruidos que pensamos que hab\u00eda sido el viento, pero no, eran tres sujetos que estaban en la parte de mantenimiento, me vieron y salieron corriendo, se les cay\u00f3 las cosas que se robaban y adem\u00e1s dos cuchillas que las tiene la polic\u00eda, que esas eran de ellos, osea que me pudieron haber lastimado a mi\u00bb.<\/p>\n<p>La empresa ten\u00eda el sistema de alarma conectado, pero nunca son\u00f3, y una de las c\u00e1maras del lugar que daba hacia afuera tambi\u00e9n fue desconectada. <\/p>\n<div data-carousel-extra='{&quot;blog_id&quot;:1,&quot;permalink&quot;:&quot;https:\/\/eldiariodesanpedro.com.ar\/sitio\/coplac-tres-delincuentes-ingresaron-a-la-planta-y-el-sereno-pudo-evitar-el-robo\/&quot;}' id='gallery-1' class='gallery galleryid-42072 gallery-columns-3 gallery-size-thumbnail'><figure class='gallery-item'>\n\t\t\t<div class='gallery-icon portrait'>\n\t\t\t\t<a href='https:\/\/eldiariodesanpedro.com.ar\/sitio\/coplac-tres-delincuentes-ingresaron-a-la-planta-y-el-sereno-pudo-evitar-el-robo\/img-20181018-wa0014-3\/'><img decoding=\"async\" width=\"150\" height=\"150\" data-src=\"https:\/\/eldiariodesanpedro.com.ar\/sitio\/wp-content\/uploads\/2018\/10\/IMG-20181018-WA0014-2-150x150.jpg\" class=\"attachment-thumbnail size-thumbnail lazyload\" alt=\"El Diario de San Pedro | Noticias locales y regionales\" data-attachment-id=\"42076\" data-permalink=\"https:\/\/eldiariodesanpedro.com.ar\/sitio\/coplac-tres-delincuentes-ingresaron-a-la-planta-y-el-sereno-pudo-evitar-el-robo\/img-20181018-wa0014-3\/\" data-orig-file=\"https:\/\/eldiariodesanpedro.com.ar\/sitio\/wp-content\/uploads\/2018\/10\/IMG-20181018-WA0014-2.jpg\" data-orig-size=\"774,1032\" data-comments-opened=\"1\" data-image-meta=\"{&quot;aperture&quot;:&quot;0&quot;,&quot;credit&quot;:&quot;&quot;,&quot;camera&quot;:&quot;&quot;,&quot;caption&quot;:&quot;&quot;,&quot;created_timestamp&quot;:&quot;0&quot;,&quot;copyright&quot;:&quot;&quot;,&quot;focal_length&quot;:&quot;0&quot;,&quot;iso&quot;:&quot;0&quot;,&quot;shutter_speed&quot;:&quot;0&quot;,&quot;title&quot;:&quot;&quot;,&quot;orientation&quot;:&quot;0&quot;}\" data-image-title=\"IMG-20181018-WA0014\" data-image-description=\"\" data-image-caption=\"\" data-large-file=\"https:\/\/eldiariodesanpedro.com.ar\/sitio\/wp-content\/uploads\/2018\/10\/IMG-20181018-WA0014-2-768x1024.jpg\" src=\"data:image\/svg+xml;base64,PHN2ZyB3aWR0aD0iMSIgaGVpZ2h0PSIxIiB4bWxucz0iaHR0cDovL3d3dy53My5vcmcvMjAwMC9zdmciPjwvc3ZnPg==\" style=\"--smush-placeholder-width: 150px; --smush-placeholder-aspect-ratio: 150\/150;\" \/><\/a>\n\t\t\t<\/div><\/figure><figure class='gallery-item'>\n\t\t\t<div class='gallery-icon portrait'>\n\t\t\t\t<a href='https:\/\/eldiariodesanpedro.com.ar\/sitio\/coplac-tres-delincuentes-ingresaron-a-la-planta-y-el-sereno-pudo-evitar-el-robo\/img-20181018-wa0012\/'><img decoding=\"async\" width=\"150\" height=\"150\" data-src=\"https:\/\/eldiariodesanpedro.com.ar\/sitio\/wp-content\/uploads\/2018\/10\/IMG-20181018-WA0012-150x150.jpg\" class=\"attachment-thumbnail size-thumbnail lazyload\" alt=\"El Diario de San Pedro | Noticias locales y regionales\" data-attachment-id=\"42079\" data-permalink=\"https:\/\/eldiariodesanpedro.com.ar\/sitio\/coplac-tres-delincuentes-ingresaron-a-la-planta-y-el-sereno-pudo-evitar-el-robo\/img-20181018-wa0012\/\" data-orig-file=\"https:\/\/eldiariodesanpedro.com.ar\/sitio\/wp-content\/uploads\/2018\/10\/IMG-20181018-WA0012.jpg\" data-orig-size=\"774,1032\" data-comments-opened=\"1\" data-image-meta=\"{&quot;aperture&quot;:&quot;0&quot;,&quot;credit&quot;:&quot;&quot;,&quot;camera&quot;:&quot;&quot;,&quot;caption&quot;:&quot;&quot;,&quot;created_timestamp&quot;:&quot;0&quot;,&quot;copyright&quot;:&quot;&quot;,&quot;focal_length&quot;:&quot;0&quot;,&quot;iso&quot;:&quot;0&quot;,&quot;shutter_speed&quot;:&quot;0&quot;,&quot;title&quot;:&quot;&quot;,&quot;orientation&quot;:&quot;0&quot;}\" data-image-title=\"IMG-20181018-WA0012\" data-image-description=\"\" data-image-caption=\"\" data-large-file=\"https:\/\/eldiariodesanpedro.com.ar\/sitio\/wp-content\/uploads\/2018\/10\/IMG-20181018-WA0012-768x1024.jpg\" src=\"data:image\/svg+xml;base64,PHN2ZyB3aWR0aD0iMSIgaGVpZ2h0PSIxIiB4bWxucz0iaHR0cDovL3d3dy53My5vcmcvMjAwMC9zdmciPjwvc3ZnPg==\" style=\"--smush-placeholder-width: 150px; --smush-placeholder-aspect-ratio: 150\/150;\" \/><\/a>\n\t\t\t<\/div><\/figure><figure class='gallery-item'>\n\t\t\t<div class='gallery-icon portrait'>\n\t\t\t\t<a href='https:\/\/eldiariodesanpedro.com.ar\/sitio\/coplac-tres-delincuentes-ingresaron-a-la-planta-y-el-sereno-pudo-evitar-el-robo\/img-20181018-wa0013\/'><img decoding=\"async\" width=\"150\" height=\"150\" data-src=\"https:\/\/eldiariodesanpedro.com.ar\/sitio\/wp-content\/uploads\/2018\/10\/IMG-20181018-WA0013-150x150.jpg\" class=\"attachment-thumbnail size-thumbnail lazyload\" alt=\"El Diario de San Pedro | Noticias locales y regionales\" data-attachment-id=\"42078\" data-permalink=\"https:\/\/eldiariodesanpedro.com.ar\/sitio\/coplac-tres-delincuentes-ingresaron-a-la-planta-y-el-sereno-pudo-evitar-el-robo\/img-20181018-wa0013\/\" data-orig-file=\"https:\/\/eldiariodesanpedro.com.ar\/sitio\/wp-content\/uploads\/2018\/10\/IMG-20181018-WA0013.jpg\" data-orig-size=\"774,1032\" data-comments-opened=\"1\" data-image-meta=\"{&quot;aperture&quot;:&quot;0&quot;,&quot;credit&quot;:&quot;&quot;,&quot;camera&quot;:&quot;&quot;,&quot;caption&quot;:&quot;&quot;,&quot;created_timestamp&quot;:&quot;0&quot;,&quot;copyright&quot;:&quot;&quot;,&quot;focal_length&quot;:&quot;0&quot;,&quot;iso&quot;:&quot;0&quot;,&quot;shutter_speed&quot;:&quot;0&quot;,&quot;title&quot;:&quot;&quot;,&quot;orientation&quot;:&quot;0&quot;}\" data-image-title=\"IMG-20181018-WA0013\" data-image-description=\"\" data-image-caption=\"\" data-large-file=\"https:\/\/eldiariodesanpedro.com.ar\/sitio\/wp-content\/uploads\/2018\/10\/IMG-20181018-WA0013-768x1024.jpg\" src=\"data:image\/svg+xml;base64,PHN2ZyB3aWR0aD0iMSIgaGVpZ2h0PSIxIiB4bWxucz0iaHR0cDovL3d3dy53My5vcmcvMjAwMC9zdmciPjwvc3ZnPg==\" style=\"--smush-placeholder-width: 150px; --smush-placeholder-aspect-ratio: 150\/150;\" \/><\/a>\n\t\t\t<\/div><\/figure>\n\t\t<\/div>\n\n","protected":false},"excerpt":{"rendered":"<p>Esta madrugada tres delincuentes ignorados ingresaron a la planta de COPLAC. El sereno pudo evitar el robo cuando los sorprendi\u00f3 cometiendo el delito. Los sujetos se dieron a la fuga descartando los elementos que se llevaban. El hecho ocurri\u00f3 esta madrugada en las instalaciones de la Empresa COPLAC, cuando delincuentes se metieron por la parte [&hellip;]<\/p>\n","protected":false},"author":4,"featured_media":42079,"comment_status":"open","ping_status":"closed","sticky":false,"template":"","format":"standard","meta":{"om_disable_all_campaigns":false,"_jetpack_memberships_contains_paid_content":false,"footnotes":""},"categories":[50,2,103],"tags":[],"class_list":["post-42072","post","type-post","status-publish","format-standard","has-post-thumbnail","hentry","category-destacadas","category-locales","category-policiales-locales"],"aioseo_notices":[],"gutentor_comment":0,"jetpack_featured_media_url":"https:\/\/eldiariodesanpedro.com.ar\/sitio\/wp-content\/uploads\/2018\/10\/IMG-20181018-WA0012.jpg","jetpack_shortlink":"https:\/\/wp.me\/p6RhLt-aWA","jetpack_sharing_enabled":true,"_links":{"self":[{"href":"https:\/\/eldiariodesanpedro.com.ar\/sitio\/wp-json\/wp\/v2\/posts\/42072","targetHints":{"allow":["GET"]}}],"collection":[{"href":"https:\/\/eldiariodesanpedro.com.ar\/sitio\/wp-json\/wp\/v2\/posts"}],"about":[{"href":"https:\/\/eldiariodesanpedro.com.ar\/sitio\/wp-json\/wp\/v2\/types\/post"}],"author":[{"embeddable":true,"href":"https:\/\/eldiariodesanpedro.com.ar\/sitio\/wp-json\/wp\/v2\/users\/4"}],"replies":[{"embeddable":true,"href":"https:\/\/eldiariodesanpedro.com.ar\/sitio\/wp-json\/wp\/v2\/comments?post=42072"}],"version-history":[{"count":1,"href":"https:\/\/eldiariodesanpedro.com.ar\/sitio\/wp-json\/wp\/v2\/posts\/42072\/revisions"}],"predecessor-version":[{"id":42081,"href":"https:\/\/eldiariodesanpedro.com.ar\/sitio\/wp-json\/wp\/v2\/posts\/42072\/revisions\/42081"}],"wp:featuredmedia":[{"embeddable":true,"href":"https:\/\/eldiariodesanpedro.com.ar\/sitio\/wp-json\/wp\/v2\/media\/42079"}],"wp:attachment":[{"href":"https:\/\/eldiariodesanpedro.com.ar\/sitio\/wp-json\/wp\/v2\/media?parent=42072"}],"wp:term":[{"taxonomy":"category","embeddable":true,"href":"https:\/\/eldiariodesanpedro.com.ar\/sitio\/wp-json\/wp\/v2\/categories?post=42072"},{"taxonomy":"post_tag","embeddable":true,"href":"https:\/\/eldiariodesanpedro.com.ar\/sitio\/wp-json\/wp\/v2\/tags?post=42072"}],"curies":[{"name":"wp","href":"https:\/\/api.w.org\/{rel}","templated":true}]}}