{"id":42063,"date":"2018-10-18T13:50:43","date_gmt":"2018-10-18T16:50:43","guid":{"rendered":"https:\/\/eldiariodesanpedro.com.ar\/sitio\/?p=42063"},"modified":"2018-10-18T14:54:23","modified_gmt":"2018-10-18T17:54:23","slug":"una-concejal-estaria-enganchada-de-la-luz","status":"publish","type":"post","link":"https:\/\/eldiariodesanpedro.com.ar\/sitio\/una-concejal-estaria-enganchada-de-la-luz\/","title":{"rendered":"Una concejal estar\u00eda \u00abenganchada\u00bb de la luz"},"content":{"rendered":"<p><!-- VideographyWP Plugin Message: Automatic video embedding prevented by plugin options. --><br \/>\nEn la ma\u00f1ana de este jueves, en el medio de los esc\u00e1ndalos por el aumento en las dietas de los concejales, se recibi\u00f3 en El Diario de San Pedro la denuncia de un vecino de nuestra ciudad diciendo que una actual concejal del bloque Cambiemos estar\u00eda \u00abenganchada de la luz\u00bb.<\/p>\n<p>  Este mismo jueves El Diario pudo constatar que, en un domicilio ubicado en calle Mateo Sbert al 2322, donde actualmente residir\u00eda la Concejal Ver\u00f3nica L\u00f3pez y su pareja, el servicio de la luz estar\u00eda conectado irregularmente.<\/p>\n<p>  Para dispersar dudas dialogamos con algunos de los vecinos de esa cuadra, quienes nos confirmaron la residencia de dicha concejal en el citado domicilio desde hace un largo tiempo, adem\u00e1s pudimos reflejar en fotograf\u00edas que el cable de la luz ingresa directamente a la propiedad sin pasar por el medidor.<\/p>\n<p>  Nos acercamos personalmente a las oficinas de COOPSER y averiguamos que en esa cuadra s\u00f3lo 3 domicilios tendr\u00edan el correspondiente medidor conectado; no siendo este el caso de la vivienda donde reside la funcionaria de Cambiemos, por lo que t\u00e9cnicamente no estar\u00eda pagando el servicio de luz.<\/p>\n<p>  Todo esta situaci\u00f3n sale a la \u201cluz\u201d a pocos d\u00edas de conocer que los concejales aprobaron el presupuesto para el a\u00f1o que viene aumentando su dieta. En 2019 cada concejal cobrar\u00eda aproximadamente $96 mil al mes.<\/p>\n<p>A trav\u00e9s de la red social Facebook publico lo siguiente<\/p>\n<p><img decoding=\"async\" data-attachment-id=\"42073\" data-permalink=\"https:\/\/eldiariodesanpedro.com.ar\/sitio\/una-concejal-estaria-enganchada-de-la-luz\/whatsapp-image-2018-10-18-at-14-36-04\/\" data-orig-file=\"https:\/\/eldiariodesanpedro.com.ar\/sitio\/wp-content\/uploads\/2018\/10\/WhatsApp-Image-2018-10-18-at-14.36.04.jpeg\" data-orig-size=\"495,163\" data-comments-opened=\"1\" data-image-meta=\"{&quot;aperture&quot;:&quot;0&quot;,&quot;credit&quot;:&quot;&quot;,&quot;camera&quot;:&quot;&quot;,&quot;caption&quot;:&quot;&quot;,&quot;created_timestamp&quot;:&quot;0&quot;,&quot;copyright&quot;:&quot;&quot;,&quot;focal_length&quot;:&quot;0&quot;,&quot;iso&quot;:&quot;0&quot;,&quot;shutter_speed&quot;:&quot;0&quot;,&quot;title&quot;:&quot;&quot;,&quot;orientation&quot;:&quot;0&quot;}\" data-image-title=\"WhatsApp Image 2018-10-18 at 14.36.04\" data-image-description=\"\" data-image-caption=\"\" data-large-file=\"https:\/\/eldiariodesanpedro.com.ar\/sitio\/wp-content\/uploads\/2018\/10\/WhatsApp-Image-2018-10-18-at-14.36.04.jpeg\" data-src=\"https:\/\/eldiariodesanpedro.com.ar\/sitio\/wp-content\/uploads\/2018\/10\/WhatsApp-Image-2018-10-18-at-14.36.04.jpeg\" alt=\"\" width=\"495\" height=\"163\" class=\"alignnone size-full wp-image-42073 lazyload\" data-srcset=\"https:\/\/eldiariodesanpedro.com.ar\/sitio\/wp-content\/uploads\/2018\/10\/WhatsApp-Image-2018-10-18-at-14.36.04.jpeg 495w, https:\/\/eldiariodesanpedro.com.ar\/sitio\/wp-content\/uploads\/2018\/10\/WhatsApp-Image-2018-10-18-at-14.36.04-300x99.jpeg 300w\" data-sizes=\"(max-width: 495px) 100vw, 495px\" src=\"data:image\/svg+xml;base64,PHN2ZyB3aWR0aD0iMSIgaGVpZ2h0PSIxIiB4bWxucz0iaHR0cDovL3d3dy53My5vcmcvMjAwMC9zdmciPjwvc3ZnPg==\" style=\"--smush-placeholder-width: 495px; --smush-placeholder-aspect-ratio: 495\/163;\" \/><\/p>\n<p><img decoding=\"async\" data-attachment-id=\"42065\" data-permalink=\"https:\/\/eldiariodesanpedro.com.ar\/sitio\/una-concejal-estaria-enganchada-de-la-luz\/whatsapp-image-2018-10-18-at-13-42-48\/\" data-orig-file=\"https:\/\/eldiariodesanpedro.com.ar\/sitio\/wp-content\/uploads\/2018\/10\/WhatsApp-Image-2018-10-18-at-13.42.48.jpeg\" data-orig-size=\"1280,622\" data-comments-opened=\"1\" data-image-meta=\"{&quot;aperture&quot;:&quot;0&quot;,&quot;credit&quot;:&quot;&quot;,&quot;camera&quot;:&quot;&quot;,&quot;caption&quot;:&quot;&quot;,&quot;created_timestamp&quot;:&quot;0&quot;,&quot;copyright&quot;:&quot;&quot;,&quot;focal_length&quot;:&quot;0&quot;,&quot;iso&quot;:&quot;0&quot;,&quot;shutter_speed&quot;:&quot;0&quot;,&quot;title&quot;:&quot;&quot;,&quot;orientation&quot;:&quot;0&quot;}\" data-image-title=\"WhatsApp Image 2018-10-18 at 13.42.48\" data-image-description=\"\" data-image-caption=\"\" data-large-file=\"https:\/\/eldiariodesanpedro.com.ar\/sitio\/wp-content\/uploads\/2018\/10\/WhatsApp-Image-2018-10-18-at-13.42.48-1024x498.jpeg\" data-src=\"https:\/\/eldiariodesanpedro.com.ar\/sitio\/wp-content\/uploads\/2018\/10\/WhatsApp-Image-2018-10-18-at-13.42.48-1024x498.jpeg\" alt=\"\" width=\"660\" height=\"321\" class=\"alignnone size-large wp-image-42065 lazyload\" data-srcset=\"https:\/\/eldiariodesanpedro.com.ar\/sitio\/wp-content\/uploads\/2018\/10\/WhatsApp-Image-2018-10-18-at-13.42.48-1024x498.jpeg 1024w, https:\/\/eldiariodesanpedro.com.ar\/sitio\/wp-content\/uploads\/2018\/10\/WhatsApp-Image-2018-10-18-at-13.42.48-300x146.jpeg 300w, https:\/\/eldiariodesanpedro.com.ar\/sitio\/wp-content\/uploads\/2018\/10\/WhatsApp-Image-2018-10-18-at-13.42.48-768x373.jpeg 768w, https:\/\/eldiariodesanpedro.com.ar\/sitio\/wp-content\/uploads\/2018\/10\/WhatsApp-Image-2018-10-18-at-13.42.48.jpeg 1280w\" data-sizes=\"(max-width: 660px) 100vw, 660px\" src=\"data:image\/svg+xml;base64,PHN2ZyB3aWR0aD0iMSIgaGVpZ2h0PSIxIiB4bWxucz0iaHR0cDovL3d3dy53My5vcmcvMjAwMC9zdmciPjwvc3ZnPg==\" style=\"--smush-placeholder-width: 660px; --smush-placeholder-aspect-ratio: 660\/321;\" \/><\/p>\n<p><img decoding=\"async\" data-attachment-id=\"42066\" data-permalink=\"https:\/\/eldiariodesanpedro.com.ar\/sitio\/una-concejal-estaria-enganchada-de-la-luz\/whatsapp-image-2018-10-18-at-13-42-49\/\" data-orig-file=\"https:\/\/eldiariodesanpedro.com.ar\/sitio\/wp-content\/uploads\/2018\/10\/WhatsApp-Image-2018-10-18-at-13.42.49.jpeg\" data-orig-size=\"1280,622\" data-comments-opened=\"1\" data-image-meta=\"{&quot;aperture&quot;:&quot;0&quot;,&quot;credit&quot;:&quot;&quot;,&quot;camera&quot;:&quot;&quot;,&quot;caption&quot;:&quot;&quot;,&quot;created_timestamp&quot;:&quot;0&quot;,&quot;copyright&quot;:&quot;&quot;,&quot;focal_length&quot;:&quot;0&quot;,&quot;iso&quot;:&quot;0&quot;,&quot;shutter_speed&quot;:&quot;0&quot;,&quot;title&quot;:&quot;&quot;,&quot;orientation&quot;:&quot;0&quot;}\" data-image-title=\"WhatsApp Image 2018-10-18 at 13.42.49\" data-image-description=\"\" data-image-caption=\"\" data-large-file=\"https:\/\/eldiariodesanpedro.com.ar\/sitio\/wp-content\/uploads\/2018\/10\/WhatsApp-Image-2018-10-18-at-13.42.49-1024x498.jpeg\" data-src=\"https:\/\/eldiariodesanpedro.com.ar\/sitio\/wp-content\/uploads\/2018\/10\/WhatsApp-Image-2018-10-18-at-13.42.49-1024x498.jpeg\" alt=\"\" width=\"660\" height=\"321\" class=\"alignnone size-large wp-image-42066 lazyload\" data-srcset=\"https:\/\/eldiariodesanpedro.com.ar\/sitio\/wp-content\/uploads\/2018\/10\/WhatsApp-Image-2018-10-18-at-13.42.49-1024x498.jpeg 1024w, https:\/\/eldiariodesanpedro.com.ar\/sitio\/wp-content\/uploads\/2018\/10\/WhatsApp-Image-2018-10-18-at-13.42.49-300x146.jpeg 300w, https:\/\/eldiariodesanpedro.com.ar\/sitio\/wp-content\/uploads\/2018\/10\/WhatsApp-Image-2018-10-18-at-13.42.49-768x373.jpeg 768w, https:\/\/eldiariodesanpedro.com.ar\/sitio\/wp-content\/uploads\/2018\/10\/WhatsApp-Image-2018-10-18-at-13.42.49.jpeg 1280w\" data-sizes=\"(max-width: 660px) 100vw, 660px\" src=\"data:image\/svg+xml;base64,PHN2ZyB3aWR0aD0iMSIgaGVpZ2h0PSIxIiB4bWxucz0iaHR0cDovL3d3dy53My5vcmcvMjAwMC9zdmciPjwvc3ZnPg==\" style=\"--smush-placeholder-width: 660px; --smush-placeholder-aspect-ratio: 660\/321;\" \/><\/p>\n","protected":false},"excerpt":{"rendered":"<p>En la ma\u00f1ana de este jueves, en el medio de los esc\u00e1ndalos por el aumento en las dietas de los concejales, se recibi\u00f3 en El Diario de San Pedro la denuncia de un vecino de nuestra ciudad diciendo que una actual concejal del bloque Cambiemos estar\u00eda \u00abenganchada de la luz\u00bb. Este mismo jueves El Diario [&hellip;]<\/p>\n","protected":false},"author":4,"featured_media":42064,"comment_status":"open","ping_status":"closed","sticky":false,"template":"","format":"standard","meta":{"om_disable_all_campaigns":false,"_jetpack_memberships_contains_paid_content":false,"footnotes":""},"categories":[50,101,2],"tags":[],"class_list":["post-42063","post","type-post","status-publish","format-standard","has-post-thumbnail","hentry","category-destacadas","category-interes-general-locales","category-locales"],"aioseo_notices":[],"gutentor_comment":0,"jetpack_featured_media_url":"https:\/\/eldiariodesanpedro.com.ar\/sitio\/wp-content\/uploads\/2018\/10\/WhatsApp-Image-2018-10-18-at-13.42.491.jpeg","jetpack_shortlink":"https:\/\/wp.me\/p6RhLt-aWr","jetpack_sharing_enabled":true,"_links":{"self":[{"href":"https:\/\/eldiariodesanpedro.com.ar\/sitio\/wp-json\/wp\/v2\/posts\/42063","targetHints":{"allow":["GET"]}}],"collection":[{"href":"https:\/\/eldiariodesanpedro.com.ar\/sitio\/wp-json\/wp\/v2\/posts"}],"about":[{"href":"https:\/\/eldiariodesanpedro.com.ar\/sitio\/wp-json\/wp\/v2\/types\/post"}],"author":[{"embeddable":true,"href":"https:\/\/eldiariodesanpedro.com.ar\/sitio\/wp-json\/wp\/v2\/users\/4"}],"replies":[{"embeddable":true,"href":"https:\/\/eldiariodesanpedro.com.ar\/sitio\/wp-json\/wp\/v2\/comments?post=42063"}],"version-history":[{"count":6,"href":"https:\/\/eldiariodesanpedro.com.ar\/sitio\/wp-json\/wp\/v2\/posts\/42063\/revisions"}],"predecessor-version":[{"id":42077,"href":"https:\/\/eldiariodesanpedro.com.ar\/sitio\/wp-json\/wp\/v2\/posts\/42063\/revisions\/42077"}],"wp:featuredmedia":[{"embeddable":true,"href":"https:\/\/eldiariodesanpedro.com.ar\/sitio\/wp-json\/wp\/v2\/media\/42064"}],"wp:attachment":[{"href":"https:\/\/eldiariodesanpedro.com.ar\/sitio\/wp-json\/wp\/v2\/media?parent=42063"}],"wp:term":[{"taxonomy":"category","embeddable":true,"href":"https:\/\/eldiariodesanpedro.com.ar\/sitio\/wp-json\/wp\/v2\/categories?post=42063"},{"taxonomy":"post_tag","embeddable":true,"href":"https:\/\/eldiariodesanpedro.com.ar\/sitio\/wp-json\/wp\/v2\/tags?post=42063"}],"curies":[{"name":"wp","href":"https:\/\/api.w.org\/{rel}","templated":true}]}}