{"id":42057,"date":"2018-10-17T20:47:10","date_gmt":"2018-10-17T23:47:10","guid":{"rendered":"https:\/\/eldiariodesanpedro.com.ar\/sitio\/?p=42057"},"modified":"2026-01-24T00:09:17","modified_gmt":"2026-01-24T03:09:17","slug":"patin-carrera-bustos-y-negrete-en-el-nacional-de-patin","status":"publish","type":"post","link":"https:\/\/eldiariodesanpedro.com.ar\/sitio\/patin-carrera-bustos-y-negrete-en-el-nacional-de-patin\/","title":{"rendered":"PAT\u00cdN CARRERA: Bustos y Negrete en el nacional de Pat\u00edn"},"content":{"rendered":"<p><!-- VideographyWP Plugin Message: Automatic video embedding prevented by plugin options. --><br \/>\n  Las dos representantes de \u201cRinc\u00f3n de los gauchos\u201d se presentar\u00e1n en el \u00faltimo nacional de Pat\u00edn Carrera en Ezeiza el pr\u00f3ximo fin de semana. Viajar\u00e1n Magdalena Bustos y Nair Negrete.<br \/>\n  Ambas el pasado domingo se presentaron en la fecha del metropolitano, con triunfo de Bustos y sexto lugar para Nair Negrete.<\/p>\n","protected":false},"excerpt":{"rendered":"<p>Las dos representantes de \u201cRinc\u00f3n de los gauchos\u201d se presentar\u00e1n en el \u00faltimo nacional de Pat\u00edn Carrera en Ezeiza el pr\u00f3ximo fin de semana. Viajar\u00e1n Magdalena Bustos y Nair Negrete. Ambas el pasado domingo se presentaron en la fecha del metropolitano, con triunfo de Bustos y sexto lugar para Nair Negrete.<\/p>\n","protected":false},"author":4,"featured_media":42058,"comment_status":"open","ping_status":"closed","sticky":false,"template":"","format":"standard","meta":{"om_disable_all_campaigns":false,"_jetpack_memberships_contains_paid_content":false,"footnotes":""},"categories":[5],"tags":[],"class_list":["post-42057","post","type-post","status-publish","format-standard","has-post-thumbnail","hentry","category-deportes"],"aioseo_notices":[],"gutentor_comment":0,"jetpack_featured_media_url":"https:\/\/eldiariodesanpedro.com.ar\/sitio\/wp-content\/uploads\/2018\/10\/RINCON-DE-LOS-GAUCHOS-bustos-negrete.jpg","jetpack_shortlink":"https:\/\/wp.me\/p6RhLt-aWl","jetpack_sharing_enabled":true,"_links":{"self":[{"href":"https:\/\/eldiariodesanpedro.com.ar\/sitio\/wp-json\/wp\/v2\/posts\/42057","targetHints":{"allow":["GET"]}}],"collection":[{"href":"https:\/\/eldiariodesanpedro.com.ar\/sitio\/wp-json\/wp\/v2\/posts"}],"about":[{"href":"https:\/\/eldiariodesanpedro.com.ar\/sitio\/wp-json\/wp\/v2\/types\/post"}],"author":[{"embeddable":true,"href":"https:\/\/eldiariodesanpedro.com.ar\/sitio\/wp-json\/wp\/v2\/users\/4"}],"replies":[{"embeddable":true,"href":"https:\/\/eldiariodesanpedro.com.ar\/sitio\/wp-json\/wp\/v2\/comments?post=42057"}],"version-history":[{"count":1,"href":"https:\/\/eldiariodesanpedro.com.ar\/sitio\/wp-json\/wp\/v2\/posts\/42057\/revisions"}],"predecessor-version":[{"id":42059,"href":"https:\/\/eldiariodesanpedro.com.ar\/sitio\/wp-json\/wp\/v2\/posts\/42057\/revisions\/42059"}],"wp:featuredmedia":[{"embeddable":true,"href":"https:\/\/eldiariodesanpedro.com.ar\/sitio\/wp-json\/wp\/v2\/media\/42058"}],"wp:attachment":[{"href":"https:\/\/eldiariodesanpedro.com.ar\/sitio\/wp-json\/wp\/v2\/media?parent=42057"}],"wp:term":[{"taxonomy":"category","embeddable":true,"href":"https:\/\/eldiariodesanpedro.com.ar\/sitio\/wp-json\/wp\/v2\/categories?post=42057"},{"taxonomy":"post_tag","embeddable":true,"href":"https:\/\/eldiariodesanpedro.com.ar\/sitio\/wp-json\/wp\/v2\/tags?post=42057"}],"curies":[{"name":"wp","href":"https:\/\/api.w.org\/{rel}","templated":true}]}}