{"id":42052,"date":"2018-10-17T20:36:21","date_gmt":"2018-10-17T23:36:21","guid":{"rendered":"https:\/\/eldiariodesanpedro.com.ar\/sitio\/?p=42052"},"modified":"2018-10-17T20:36:21","modified_gmt":"2018-10-17T23:36:21","slug":"san-nicolas-se-realizo-desde-san-nicolas-la-travesia-peregrina-a-lujan","status":"publish","type":"post","link":"https:\/\/eldiariodesanpedro.com.ar\/sitio\/san-nicolas-se-realizo-desde-san-nicolas-la-travesia-peregrina-a-lujan\/","title":{"rendered":"SAN NICOL\u00c1S: Se realiz\u00f3 desde San Nicol\u00e1s la traves\u00eda peregrina a Luj\u00e1n"},"content":{"rendered":"<p><!-- VideographyWP Plugin Message: Automatic video embedding prevented by plugin options. --><br \/>\nLa Traves\u00eda Peregrina Luj\u00e1n San Nicol\u00e1s es una peregrinaci\u00f3n ecuestre que se realiza todos los a\u00f1os desde 1990. En ella participan jinetes y l\u00e1tigos en sus carruajes acompa\u00f1ando de esta manera tan tradicional a la imagen de la Virgen de Luj\u00e1n hasta el Santuario de San Nicol\u00e1s.<br \/>\nSe organizan seis campamentos y se marchan 240 Km. totales. Diariamente se cabalgan entre 6 y 8 horas, dependiendo del tiempo y el estado de los caminos. Viajan solamente a caballo o en carruajes durante los seis d\u00edas que dura la marcha. Usan vestimenta de campo, aperos (monturas) y dem\u00e1s elementos tradicionales como el lazo, el fac\u00f3n, los ponchos, las maneas. Las usanzas se reflejan tambi\u00e9n en la comida (asado), el mate y el buen vino.<br \/>\nEl recorrido se realiz\u00f3 por caminos secundarios de tierra, poco transitados por veh\u00edculos y atravesando peque\u00f1as poblaciones. En ellos se celebr\u00f3 misa a cielo abierto y por las ma\u00f1anas se rez\u00f3 una oraci\u00f3n en conjunto, para introducir a los peregrinos en el clima espiritual de la marcha.<br \/>\nLos lugares para acampar ya han sido determinados con anterioridad. Los participantes llevan sus caballos y sus apoyos.<br \/>\nHoy arribaron al Santuario de mar\u00eda del Rosario de San Nicol\u00e1s 40 jinetes con sus caballos que vienen peregrinando desde el martes de la semana pasada.<br \/>\nCelebraron al mediod\u00eda la Santa Misa para luego emprender el regreso.<\/p>\n<p>Fuente: Diario El Informante<\/p>\n","protected":false},"excerpt":{"rendered":"<p>La Traves\u00eda Peregrina Luj\u00e1n San Nicol\u00e1s es una peregrinaci\u00f3n ecuestre que se realiza todos los a\u00f1os desde 1990. En ella participan jinetes y l\u00e1tigos en sus carruajes acompa\u00f1ando de esta manera tan tradicional a la imagen de la Virgen de Luj\u00e1n hasta el Santuario de San Nicol\u00e1s. Se organizan seis campamentos y se marchan 240 [&hellip;]<\/p>\n","protected":false},"author":4,"featured_media":42053,"comment_status":"open","ping_status":"closed","sticky":false,"template":"","format":"standard","meta":{"om_disable_all_campaigns":false,"_jetpack_memberships_contains_paid_content":false,"footnotes":""},"categories":[621],"tags":[],"class_list":["post-42052","post","type-post","status-publish","format-standard","has-post-thumbnail","hentry","category-regionales"],"aioseo_notices":[],"gutentor_comment":0,"jetpack_featured_media_url":"https:\/\/eldiariodesanpedro.com.ar\/sitio\/wp-content\/uploads\/2018\/10\/PAGINA-7-2.jpg","jetpack_shortlink":"https:\/\/wp.me\/p6RhLt-aWg","jetpack_sharing_enabled":true,"_links":{"self":[{"href":"https:\/\/eldiariodesanpedro.com.ar\/sitio\/wp-json\/wp\/v2\/posts\/42052","targetHints":{"allow":["GET"]}}],"collection":[{"href":"https:\/\/eldiariodesanpedro.com.ar\/sitio\/wp-json\/wp\/v2\/posts"}],"about":[{"href":"https:\/\/eldiariodesanpedro.com.ar\/sitio\/wp-json\/wp\/v2\/types\/post"}],"author":[{"embeddable":true,"href":"https:\/\/eldiariodesanpedro.com.ar\/sitio\/wp-json\/wp\/v2\/users\/4"}],"replies":[{"embeddable":true,"href":"https:\/\/eldiariodesanpedro.com.ar\/sitio\/wp-json\/wp\/v2\/comments?post=42052"}],"version-history":[{"count":1,"href":"https:\/\/eldiariodesanpedro.com.ar\/sitio\/wp-json\/wp\/v2\/posts\/42052\/revisions"}],"predecessor-version":[{"id":42054,"href":"https:\/\/eldiariodesanpedro.com.ar\/sitio\/wp-json\/wp\/v2\/posts\/42052\/revisions\/42054"}],"wp:featuredmedia":[{"embeddable":true,"href":"https:\/\/eldiariodesanpedro.com.ar\/sitio\/wp-json\/wp\/v2\/media\/42053"}],"wp:attachment":[{"href":"https:\/\/eldiariodesanpedro.com.ar\/sitio\/wp-json\/wp\/v2\/media?parent=42052"}],"wp:term":[{"taxonomy":"category","embeddable":true,"href":"https:\/\/eldiariodesanpedro.com.ar\/sitio\/wp-json\/wp\/v2\/categories?post=42052"},{"taxonomy":"post_tag","embeddable":true,"href":"https:\/\/eldiariodesanpedro.com.ar\/sitio\/wp-json\/wp\/v2\/tags?post=42052"}],"curies":[{"name":"wp","href":"https:\/\/api.w.org\/{rel}","templated":true}]}}