{"id":42047,"date":"2018-10-17T20:34:07","date_gmt":"2018-10-17T23:34:07","guid":{"rendered":"https:\/\/eldiariodesanpedro.com.ar\/sitio\/?p=42047"},"modified":"2018-10-17T20:34:07","modified_gmt":"2018-10-17T23:34:07","slug":"campana-el-ministro-ferrari-superviso-avances-de-obras-de-la-unidad-modelo-de-campana","status":"publish","type":"post","link":"https:\/\/eldiariodesanpedro.com.ar\/sitio\/campana-el-ministro-ferrari-superviso-avances-de-obras-de-la-unidad-modelo-de-campana\/","title":{"rendered":"CAMPANA: El Ministro Ferrari supervis\u00f3 avances de obras de la Unidad Modelo de Campana"},"content":{"rendered":"<p><!-- VideographyWP Plugin Message: Automatic video embedding prevented by plugin options. --><br \/>\nEl titular de la cartera de Justicia recorri\u00f3 la nueva Unidad Modelo de Campana que ser\u00e1 destinada a j\u00f3venes, junto al diputado provincial Ramiro Guti\u00e9rrez, con el objetivo de supervisar el avance de las obras edilicias en curso.<br \/>\nEl Penal est\u00e1 dirigido a j\u00f3venes de entre 18 y 21 a\u00f1os que tengan condenas menores a 5 a\u00f1os, relacionada con delitos como robos, hurtos o encubrimientos, y forma parte del Programa para J\u00f3venes Adultos en Contexto de Encierro, que se lleva adelante desde principio de a\u00f1o.<br \/>\nEn este marco, Gustavo Ferrari (Ministro de Justicia) explic\u00f3 que \u201cen este Penal va a ser obligatorio estudiar, aprender un oficio y seguir un r\u00e9gimen de pautas de disciplina y de convivencia, ya que la idea es concentrarse en evitar la reincidencia de los delincuentes de menor edad\u201d.<br \/>\nLa comitiva ministerial fue recibida por el Jefe de Complejo Penitenciario Campana a cargo Javier Diaz; el Subdirector de Asistencia y Tratamiento de la Unidad 57, Juan Choque; la Subdirectora de Administraci\u00f3n, Alejandra Acosta; el Jefe del Penal, Alexis Tisseira, y el Jefe del Departamento Regional de Cultura Laboral Sede Campana, Pedro Alessandrini.<br \/>\n\u201cHace dos a\u00f1os, como iniciativa de la Gobernadora Mar\u00eda Eugenia Vidal, llevamos adelante la primera reforma del Sistema Penitenciario en democracia, logramos una mejor profesionalizaci\u00f3n del Servicio para que las personas que cometieron delitos y est\u00e1n detenidas, se puedan rehabilitar y no vuelvan a cometerlos cuando salgan\u201d, afirm\u00f3 el Ministro.<br \/>\nPor su parte, Guti\u00e9rrez expres\u00f3 sobre la Unidad 57 que \u201csus cuatro m\u00f3dulos modernos, aun sin terminar, ya dejan ver una c\u00e1rcel amplia, con infraestructura respetuosa de los derechos humanos y con buen h\u00e1bitat laboral para el personal de seguridad y tratamiento. Los equipos del ministro de Justicia, Gustavo Ferrari, involucrados en su dise\u00f1o y construcci\u00f3n, han puesto el foco en la necesaria readaptaci\u00f3n social mediante escuelas, talleres, huertas y salones multiprop\u00f3sito\u201d.<br \/>\nTambi\u00e9n estuvieron presentes en la visita el Jefe de Gabinete del Ministerio, Mauro Solano, y los Asesores, Juan Cruz Palavecino y Fernando Manzanares, entre otras Autoridades.<\/p>\n<p>Fuente: Campana Noticias<\/p>\n","protected":false},"excerpt":{"rendered":"<p>El titular de la cartera de Justicia recorri\u00f3 la nueva Unidad Modelo de Campana que ser\u00e1 destinada a j\u00f3venes, junto al diputado provincial Ramiro Guti\u00e9rrez, con el objetivo de supervisar el avance de las obras edilicias en curso. El Penal est\u00e1 dirigido a j\u00f3venes de entre 18 y 21 a\u00f1os que tengan condenas menores a [&hellip;]<\/p>\n","protected":false},"author":4,"featured_media":42050,"comment_status":"open","ping_status":"closed","sticky":false,"template":"","format":"standard","meta":{"om_disable_all_campaigns":false,"_jetpack_memberships_contains_paid_content":false,"footnotes":""},"categories":[621],"tags":[],"class_list":["post-42047","post","type-post","status-publish","format-standard","has-post-thumbnail","hentry","category-regionales"],"aioseo_notices":[],"gutentor_comment":0,"jetpack_featured_media_url":"https:\/\/eldiariodesanpedro.com.ar\/sitio\/wp-content\/uploads\/2018\/10\/El-Ministro-de-Justicia-Gustavo-Ferrari-recorri\u00f3-la-nueva-Unidad-Modelo-de-Campana-que-ser\u00e1-destinada-a-j\u00f3venes.jpg","jetpack_shortlink":"https:\/\/wp.me\/p6RhLt-aWb","jetpack_sharing_enabled":true,"_links":{"self":[{"href":"https:\/\/eldiariodesanpedro.com.ar\/sitio\/wp-json\/wp\/v2\/posts\/42047","targetHints":{"allow":["GET"]}}],"collection":[{"href":"https:\/\/eldiariodesanpedro.com.ar\/sitio\/wp-json\/wp\/v2\/posts"}],"about":[{"href":"https:\/\/eldiariodesanpedro.com.ar\/sitio\/wp-json\/wp\/v2\/types\/post"}],"author":[{"embeddable":true,"href":"https:\/\/eldiariodesanpedro.com.ar\/sitio\/wp-json\/wp\/v2\/users\/4"}],"replies":[{"embeddable":true,"href":"https:\/\/eldiariodesanpedro.com.ar\/sitio\/wp-json\/wp\/v2\/comments?post=42047"}],"version-history":[{"count":1,"href":"https:\/\/eldiariodesanpedro.com.ar\/sitio\/wp-json\/wp\/v2\/posts\/42047\/revisions"}],"predecessor-version":[{"id":42051,"href":"https:\/\/eldiariodesanpedro.com.ar\/sitio\/wp-json\/wp\/v2\/posts\/42047\/revisions\/42051"}],"wp:featuredmedia":[{"embeddable":true,"href":"https:\/\/eldiariodesanpedro.com.ar\/sitio\/wp-json\/wp\/v2\/media\/42050"}],"wp:attachment":[{"href":"https:\/\/eldiariodesanpedro.com.ar\/sitio\/wp-json\/wp\/v2\/media?parent=42047"}],"wp:term":[{"taxonomy":"category","embeddable":true,"href":"https:\/\/eldiariodesanpedro.com.ar\/sitio\/wp-json\/wp\/v2\/categories?post=42047"},{"taxonomy":"post_tag","embeddable":true,"href":"https:\/\/eldiariodesanpedro.com.ar\/sitio\/wp-json\/wp\/v2\/tags?post=42047"}],"curies":[{"name":"wp","href":"https:\/\/api.w.org\/{rel}","templated":true}]}}