{"id":42044,"date":"2018-10-17T20:33:13","date_gmt":"2018-10-17T23:33:13","guid":{"rendered":"https:\/\/eldiariodesanpedro.com.ar\/sitio\/?p=42044"},"modified":"2018-10-17T20:33:13","modified_gmt":"2018-10-17T23:33:13","slug":"arrecifes-el-ministro-sanchez-zinny-visito-el-nuevo-jardin-maternal-de-las-350-viviendas","status":"publish","type":"post","link":"https:\/\/eldiariodesanpedro.com.ar\/sitio\/arrecifes-el-ministro-sanchez-zinny-visito-el-nuevo-jardin-maternal-de-las-350-viviendas\/","title":{"rendered":"ARRECIFES: El ministro S\u00e1nchez Zinny visit\u00f3 el nuevo jard\u00edn maternal de las 350 viviendas"},"content":{"rendered":"<p><!-- VideographyWP Plugin Message: Automatic video embedding prevented by plugin options. --><br \/>\nEl domingo pasado, con motivo de participar del acto de los 100 a\u00f1os de la escuela N\u00b09 \u00abManuel Belgrano\u00bb de Vi\u00f1a, en horas de la ma\u00f1ana arrib\u00f3 a Arrecifes el ministro de Educaci\u00f3n de la provincia de Buenos Aires, Gabriel S\u00e1nchez Zinny.<br \/>\nEn su estad\u00eda, el ministro fue recibido por el intendente Javier Olaeta en su despacho, visitando luego juntos el Jard\u00edn de Infantes \u00abAtilio Santiago Giraudo\u00bb de Vi\u00f1a y una de las obras que lleva adelante el municipio pronta a culminarse e inaugurarse, el jard\u00edn maternal del barrio 350 viviendas.<br \/>\nEsta obra brindar\u00e1 una importante soluci\u00f3n a las familias del barrio, ante la necesidad de los padres que deben concurrir a sus trabajos pudiendo dejar a sus hijos en un lugar acorde a las necesidades de cuidados, formaci\u00f3n y desarrollo en el crecimiento.<br \/>\nDurante esta visita y ante la solicitud del intendente Javier Olaeta, el ministro S\u00e1nchez Zinny se comprometi\u00f3 a garantizar la incorporaci\u00f3n del personal necesario para su puesta en funcionamiento.<\/p>\n","protected":false},"excerpt":{"rendered":"<p>El domingo pasado, con motivo de participar del acto de los 100 a\u00f1os de la escuela N\u00b09 \u00abManuel Belgrano\u00bb de Vi\u00f1a, en horas de la ma\u00f1ana arrib\u00f3 a Arrecifes el ministro de Educaci\u00f3n de la provincia de Buenos Aires, Gabriel S\u00e1nchez Zinny. En su estad\u00eda, el ministro fue recibido por el intendente Javier Olaeta en [&hellip;]<\/p>\n","protected":false},"author":4,"featured_media":42045,"comment_status":"open","ping_status":"closed","sticky":false,"template":"","format":"standard","meta":{"om_disable_all_campaigns":false,"_jetpack_memberships_contains_paid_content":false,"footnotes":""},"categories":[621],"tags":[],"class_list":["post-42044","post","type-post","status-publish","format-standard","has-post-thumbnail","hentry","category-regionales"],"aioseo_notices":[],"gutentor_comment":0,"jetpack_featured_media_url":"https:\/\/eldiariodesanpedro.com.ar\/sitio\/wp-content\/uploads\/2018\/10\/olaeta_zinny.jpg","jetpack_shortlink":"https:\/\/wp.me\/p6RhLt-aW8","jetpack_sharing_enabled":true,"_links":{"self":[{"href":"https:\/\/eldiariodesanpedro.com.ar\/sitio\/wp-json\/wp\/v2\/posts\/42044","targetHints":{"allow":["GET"]}}],"collection":[{"href":"https:\/\/eldiariodesanpedro.com.ar\/sitio\/wp-json\/wp\/v2\/posts"}],"about":[{"href":"https:\/\/eldiariodesanpedro.com.ar\/sitio\/wp-json\/wp\/v2\/types\/post"}],"author":[{"embeddable":true,"href":"https:\/\/eldiariodesanpedro.com.ar\/sitio\/wp-json\/wp\/v2\/users\/4"}],"replies":[{"embeddable":true,"href":"https:\/\/eldiariodesanpedro.com.ar\/sitio\/wp-json\/wp\/v2\/comments?post=42044"}],"version-history":[{"count":1,"href":"https:\/\/eldiariodesanpedro.com.ar\/sitio\/wp-json\/wp\/v2\/posts\/42044\/revisions"}],"predecessor-version":[{"id":42048,"href":"https:\/\/eldiariodesanpedro.com.ar\/sitio\/wp-json\/wp\/v2\/posts\/42044\/revisions\/42048"}],"wp:featuredmedia":[{"embeddable":true,"href":"https:\/\/eldiariodesanpedro.com.ar\/sitio\/wp-json\/wp\/v2\/media\/42045"}],"wp:attachment":[{"href":"https:\/\/eldiariodesanpedro.com.ar\/sitio\/wp-json\/wp\/v2\/media?parent=42044"}],"wp:term":[{"taxonomy":"category","embeddable":true,"href":"https:\/\/eldiariodesanpedro.com.ar\/sitio\/wp-json\/wp\/v2\/categories?post=42044"},{"taxonomy":"post_tag","embeddable":true,"href":"https:\/\/eldiariodesanpedro.com.ar\/sitio\/wp-json\/wp\/v2\/tags?post=42044"}],"curies":[{"name":"wp","href":"https:\/\/api.w.org\/{rel}","templated":true}]}}