{"id":42030,"date":"2018-10-17T11:02:11","date_gmt":"2018-10-17T14:02:11","guid":{"rendered":"https:\/\/eldiariodesanpedro.com.ar\/sitio\/?p=42030"},"modified":"2018-10-17T12:11:13","modified_gmt":"2018-10-17T15:11:13","slug":"uatre-encuentro-en-homenaje-a-las-trabajadoras-rurales","status":"publish","type":"post","link":"https:\/\/eldiariodesanpedro.com.ar\/sitio\/uatre-encuentro-en-homenaje-a-las-trabajadoras-rurales\/","title":{"rendered":"UATRE: Encuentro en homenaje a las trabajadoras rurales"},"content":{"rendered":"<p><!-- VideographyWP Plugin Message: Automatic video embedding prevented by plugin options. --><br \/>\nCon la presencia del Secretario General de la Uatre, Ram\u00f3n Ayala, el Intendente Cecilio Salazar y Carolina Llanos, Secretaria Nacional de igualdad de oportunidades y g\u00e9nero, se efectu\u00f3 un reconocimiento a las trabajadoras rurales en su d\u00eda.<\/p>\n<p>En conmemoraci\u00f3n al d\u00eda de las trabajadoras rurales se realiz\u00f3 en el complejo La Santina, un encuentro cuyo eje fue el de reconocer a las mujeres, promover el desarrollo rural y la mejora de la seguridad alimentaria, en el marco del programa de fortalecimiento de derechos con perspectiva de g\u00e9nero.<\/p>\n<p>De la jornada participaron el Secretario General de la Uatre, Ram\u00f3n Ayala, el Intendente de San Pedro, Cecilio Salazar, y Carolina Llanos, Secretaria Nacional de igualdad de oportunidades y g\u00e9nero de la Uatre.<\/p>\n<p>\u201cSiempre tenemos que rendirles honor a las trabajadoras rurales, d\u00eda a d\u00eda. Sabemos lo dif\u00edcil y sacrificado que es desarrollar tareas en lugares complicados\u201d, dijo el Intendente Salazar.<\/p>\n<p>\u201cSeguramente esta jornada sirve de mucho. Es un d\u00eda especial porque es un homenaje a las trabajadoras rurales que son las que se lo merecen m\u00e1s que nadie\u201d, destac\u00f3 el funcionario.<\/p>\n<p>\u201cPara nosotros es muy importante que se haya instalado este d\u00eda\u201d, dijo Carolina Llanos.<\/p>\n<p>\u201cLas mujeres rurales en el mundo son las mayores productoras de alimentaci\u00f3n. Eso es lo que llev\u00f3 a que el 15 de octubre se reconozca a la mujer rural\u201d.<\/p>\n<p>\u201cLes quiero comentar que en la Uatre son m\u00e1s de 50 mil mujeres las afiliadas y en el Renatre hay 80 mil\u201d, resalt\u00f3.  <\/p>\n<p>Fuente: San Pedro Informa<\/p>\n","protected":false},"excerpt":{"rendered":"<p>Con la presencia del Secretario General de la Uatre, Ram\u00f3n Ayala, el Intendente Cecilio Salazar y Carolina Llanos, Secretaria Nacional de igualdad de oportunidades y g\u00e9nero, se efectu\u00f3 un reconocimiento a las trabajadoras rurales en su d\u00eda. En conmemoraci\u00f3n al d\u00eda de las trabajadoras rurales se realiz\u00f3 en el complejo La Santina, un encuentro cuyo [&hellip;]<\/p>\n","protected":false},"author":4,"featured_media":42031,"comment_status":"open","ping_status":"closed","sticky":false,"template":"","format":"standard","meta":{"om_disable_all_campaigns":false,"_jetpack_memberships_contains_paid_content":false,"footnotes":""},"categories":[101,2],"tags":[],"class_list":["post-42030","post","type-post","status-publish","format-standard","has-post-thumbnail","hentry","category-interes-general-locales","category-locales"],"aioseo_notices":[],"gutentor_comment":0,"jetpack_featured_media_url":"https:\/\/eldiariodesanpedro.com.ar\/sitio\/wp-content\/uploads\/2018\/10\/000072809-1.jpg","jetpack_shortlink":"https:\/\/wp.me\/p6RhLt-aVU","jetpack_sharing_enabled":true,"_links":{"self":[{"href":"https:\/\/eldiariodesanpedro.com.ar\/sitio\/wp-json\/wp\/v2\/posts\/42030","targetHints":{"allow":["GET"]}}],"collection":[{"href":"https:\/\/eldiariodesanpedro.com.ar\/sitio\/wp-json\/wp\/v2\/posts"}],"about":[{"href":"https:\/\/eldiariodesanpedro.com.ar\/sitio\/wp-json\/wp\/v2\/types\/post"}],"author":[{"embeddable":true,"href":"https:\/\/eldiariodesanpedro.com.ar\/sitio\/wp-json\/wp\/v2\/users\/4"}],"replies":[{"embeddable":true,"href":"https:\/\/eldiariodesanpedro.com.ar\/sitio\/wp-json\/wp\/v2\/comments?post=42030"}],"version-history":[{"count":2,"href":"https:\/\/eldiariodesanpedro.com.ar\/sitio\/wp-json\/wp\/v2\/posts\/42030\/revisions"}],"predecessor-version":[{"id":42034,"href":"https:\/\/eldiariodesanpedro.com.ar\/sitio\/wp-json\/wp\/v2\/posts\/42030\/revisions\/42034"}],"wp:featuredmedia":[{"embeddable":true,"href":"https:\/\/eldiariodesanpedro.com.ar\/sitio\/wp-json\/wp\/v2\/media\/42031"}],"wp:attachment":[{"href":"https:\/\/eldiariodesanpedro.com.ar\/sitio\/wp-json\/wp\/v2\/media?parent=42030"}],"wp:term":[{"taxonomy":"category","embeddable":true,"href":"https:\/\/eldiariodesanpedro.com.ar\/sitio\/wp-json\/wp\/v2\/categories?post=42030"},{"taxonomy":"post_tag","embeddable":true,"href":"https:\/\/eldiariodesanpedro.com.ar\/sitio\/wp-json\/wp\/v2\/tags?post=42030"}],"curies":[{"name":"wp","href":"https:\/\/api.w.org\/{rel}","templated":true}]}}