{"id":42026,"date":"2018-10-17T10:51:56","date_gmt":"2018-10-17T13:51:56","guid":{"rendered":"https:\/\/eldiariodesanpedro.com.ar\/sitio\/?p=42026"},"modified":"2018-10-17T10:55:29","modified_gmt":"2018-10-17T13:55:29","slug":"actividades-por-los-126-anos-del-natalicio-de-eduardo-depietri","status":"publish","type":"post","link":"https:\/\/eldiariodesanpedro.com.ar\/sitio\/actividades-por-los-126-anos-del-natalicio-de-eduardo-depietri\/","title":{"rendered":"Actividades por los 126 a\u00f1os del Natalicio de Eduardo Depietri"},"content":{"rendered":"<p><!-- VideographyWP Plugin Message: Automatic video embedding prevented by plugin options. --><br \/>\nLa Direcci\u00f3n de Cultura de la Municipalidad de San Pedro lo invita a participar de las actividades programadas para el s\u00e1bado 20 de octubre en conmemoraci\u00f3n al natalicio de Eduardo Depietri.<br \/>\nEn el marco del natalicio que data del 13 de octubre de 1892 de este extraordinario uruguayo, se realizar\u00e1n visitas guiadas y shows gratuitos.<br \/>\nDado a que la actividad dispone de  cupos limitados, se solicita confirmar la participaci\u00f3n con anterioridad. <\/p>\n<p>S\u00e1bado 20 de octubre:<\/p>\n<p>&#8211; Por la ma\u00f1ana Recorrido: libre y gratuito. Por favor anotarse con antelaci\u00f3n en la Direcci\u00f3n de Cultura (Salta Y Arnaldo Primer piso de 8 a 14 hs.) <\/p>\n<p>10:00Hs.: Salida desde la Municipalidad de San Pedro, puerta principal. (Pellegrini 150).<br \/>\nIncluye: Transporte, visita a la fosa y puente de ladrillo original del Ferrocarril Depietri que a\u00fan sostienen las v\u00edas trasversales inglesas. Visita a las antiguas traza de las v\u00edas del ferrocarril Depietri. Visita chimenea original de la alcoholera, propiedad de E. Depietri. Visita al complejo habitacional y administrativo de auto elevadores Depietri. Fachadas visibles. Visita al Puerto y auto elevadores Depietri S.A. Hoy Puerto San Pedro. Visita a la antigua Casa y predio Familiar de Eduardo Depietri, estilo it\u00e1lico (Por fuera). Visita a la p\u00e9rgola original con vista al r\u00edo en los jardines privados de Depietri. El recorrido finaliza en los antiguos t\u00faneles de la alcoholera La Estrella, hoy Museo Paseo de los T\u00faneles.<br \/>\nRegreso 12:00Hs. A la Municipalidad de San Pedro.  <\/p>\n<p>&#8211; Por la Tarde en el Museo \u201cPaseo de los T\u00faneles\u201d, se dispondr\u00e1 de las siguientes actividades. (Acceso al Puerto N\u00e9stor Kirchner y Calle San Mart\u00edn.) <\/p>\n<p>17:00 Hs.: Venta de productos artesanales, confeccionados por familias del Grupo Envi\u00f3n Depietri.<br \/>\n18:30Hs.:Regatton en vivo con alumnas del Grupo Envi\u00f3n a cargo de la Profesora Tamara Pettone.<br \/>\n19:00Hs.:Lanzamiento sobre el proyecto de Revalorizaci\u00f3n y puesta en valor de legado de la Villa Eduardo Depietri, a cargo de Grupo de Amigos de Recuperaci\u00f3n de la Villa Depietri.<br \/>\n19:30Hs.: Proyecci\u00f3n Videos sobre la Vida y obra de Eduardo Depietri, realizado por alumnos y profesores de la Escuela N\u00b011 \u201cEduardo Depietri\u201d <\/p>\n<p>Actividad libre y gratuita. Habr\u00e1 tortas y cafeter\u00eda para vender a beneficio.<\/p>\n<p><img decoding=\"async\" data-attachment-id=\"42027\" data-permalink=\"https:\/\/eldiariodesanpedro.com.ar\/sitio\/actividades-por-los-126-anos-del-natalicio-de-eduardo-depietri\/diseno-sin-titulo\/\" data-orig-file=\"https:\/\/eldiariodesanpedro.com.ar\/sitio\/wp-content\/uploads\/2018\/10\/Dise\u00f1o-sin-t\u00edtulo.jpg\" data-orig-size=\"794,1123\" data-comments-opened=\"1\" data-image-meta=\"{&quot;aperture&quot;:&quot;0&quot;,&quot;credit&quot;:&quot;&quot;,&quot;camera&quot;:&quot;&quot;,&quot;caption&quot;:&quot;&quot;,&quot;created_timestamp&quot;:&quot;0&quot;,&quot;copyright&quot;:&quot;&quot;,&quot;focal_length&quot;:&quot;0&quot;,&quot;iso&quot;:&quot;0&quot;,&quot;shutter_speed&quot;:&quot;0&quot;,&quot;title&quot;:&quot;&quot;,&quot;orientation&quot;:&quot;1&quot;}\" data-image-title=\"Dise\u00f1o sin t\u00edtulo\" data-image-description=\"\" data-image-caption=\"\" data-large-file=\"https:\/\/eldiariodesanpedro.com.ar\/sitio\/wp-content\/uploads\/2018\/10\/Dise\u00f1o-sin-t\u00edtulo-724x1024.jpg\" data-src=\"https:\/\/eldiariodesanpedro.com.ar\/sitio\/wp-content\/uploads\/2018\/10\/Dise\u00f1o-sin-t\u00edtulo-724x1024.jpg\" alt=\"\" width=\"660\" height=\"933\" class=\"alignnone size-large wp-image-42027 lazyload\" data-srcset=\"https:\/\/eldiariodesanpedro.com.ar\/sitio\/wp-content\/uploads\/2018\/10\/Dise\u00f1o-sin-t\u00edtulo-724x1024.jpg 724w, https:\/\/eldiariodesanpedro.com.ar\/sitio\/wp-content\/uploads\/2018\/10\/Dise\u00f1o-sin-t\u00edtulo-212x300.jpg 212w, https:\/\/eldiariodesanpedro.com.ar\/sitio\/wp-content\/uploads\/2018\/10\/Dise\u00f1o-sin-t\u00edtulo-768x1086.jpg 768w, https:\/\/eldiariodesanpedro.com.ar\/sitio\/wp-content\/uploads\/2018\/10\/Dise\u00f1o-sin-t\u00edtulo.jpg 794w\" data-sizes=\"(max-width: 660px) 100vw, 660px\" src=\"data:image\/svg+xml;base64,PHN2ZyB3aWR0aD0iMSIgaGVpZ2h0PSIxIiB4bWxucz0iaHR0cDovL3d3dy53My5vcmcvMjAwMC9zdmciPjwvc3ZnPg==\" style=\"--smush-placeholder-width: 660px; --smush-placeholder-aspect-ratio: 660\/933;\" \/><\/p>\n","protected":false},"excerpt":{"rendered":"<p>La Direcci\u00f3n de Cultura de la Municipalidad de San Pedro lo invita a participar de las actividades programadas para el s\u00e1bado 20 de octubre en conmemoraci\u00f3n al natalicio de Eduardo Depietri. En el marco del natalicio que data del 13 de octubre de 1892 de este extraordinario uruguayo, se realizar\u00e1n visitas guiadas y shows gratuitos. [&hellip;]<\/p>\n","protected":false},"author":4,"featured_media":42028,"comment_status":"open","ping_status":"closed","sticky":false,"template":"","format":"standard","meta":{"om_disable_all_campaigns":false,"_jetpack_memberships_contains_paid_content":false,"footnotes":""},"categories":[101,2],"tags":[],"class_list":["post-42026","post","type-post","status-publish","format-standard","has-post-thumbnail","hentry","category-interes-general-locales","category-locales"],"aioseo_notices":[],"gutentor_comment":0,"jetpack_featured_media_url":"https:\/\/eldiariodesanpedro.com.ar\/sitio\/wp-content\/uploads\/2018\/10\/Dise\u00f1o-sin-t\u00edtulo.png","jetpack_shortlink":"https:\/\/wp.me\/p6RhLt-aVQ","jetpack_sharing_enabled":true,"_links":{"self":[{"href":"https:\/\/eldiariodesanpedro.com.ar\/sitio\/wp-json\/wp\/v2\/posts\/42026","targetHints":{"allow":["GET"]}}],"collection":[{"href":"https:\/\/eldiariodesanpedro.com.ar\/sitio\/wp-json\/wp\/v2\/posts"}],"about":[{"href":"https:\/\/eldiariodesanpedro.com.ar\/sitio\/wp-json\/wp\/v2\/types\/post"}],"author":[{"embeddable":true,"href":"https:\/\/eldiariodesanpedro.com.ar\/sitio\/wp-json\/wp\/v2\/users\/4"}],"replies":[{"embeddable":true,"href":"https:\/\/eldiariodesanpedro.com.ar\/sitio\/wp-json\/wp\/v2\/comments?post=42026"}],"version-history":[{"count":1,"href":"https:\/\/eldiariodesanpedro.com.ar\/sitio\/wp-json\/wp\/v2\/posts\/42026\/revisions"}],"predecessor-version":[{"id":42029,"href":"https:\/\/eldiariodesanpedro.com.ar\/sitio\/wp-json\/wp\/v2\/posts\/42026\/revisions\/42029"}],"wp:featuredmedia":[{"embeddable":true,"href":"https:\/\/eldiariodesanpedro.com.ar\/sitio\/wp-json\/wp\/v2\/media\/42028"}],"wp:attachment":[{"href":"https:\/\/eldiariodesanpedro.com.ar\/sitio\/wp-json\/wp\/v2\/media?parent=42026"}],"wp:term":[{"taxonomy":"category","embeddable":true,"href":"https:\/\/eldiariodesanpedro.com.ar\/sitio\/wp-json\/wp\/v2\/categories?post=42026"},{"taxonomy":"post_tag","embeddable":true,"href":"https:\/\/eldiariodesanpedro.com.ar\/sitio\/wp-json\/wp\/v2\/tags?post=42026"}],"curies":[{"name":"wp","href":"https:\/\/api.w.org\/{rel}","templated":true}]}}