{"id":42022,"date":"2018-10-17T10:47:07","date_gmt":"2018-10-17T13:47:07","guid":{"rendered":"https:\/\/eldiariodesanpedro.com.ar\/sitio\/?p=42022"},"modified":"2018-10-17T10:47:55","modified_gmt":"2018-10-17T13:47:55","slug":"exposicion-los-trazos-de-herminia-sabattini-de-suero-el-legado","status":"publish","type":"post","link":"https:\/\/eldiariodesanpedro.com.ar\/sitio\/exposicion-los-trazos-de-herminia-sabattini-de-suero-el-legado\/","title":{"rendered":"Exposici\u00f3n: \u201cLos trazos de Herminia Sabattini de Suero, El Legado\u201d"},"content":{"rendered":"<p><!-- VideographyWP Plugin Message: Automatic video embedding prevented by plugin options. --><br \/>\nLa Municipalidad de San Pedro lo invita a participar de una exposici\u00f3n de las obras de la artista sampedrina Herminia Sabattini de Suero, los d\u00edas 20 y 21 de octubre de 10 a 12 y de 16 a 19 Hs. en la Biblioteca Popular Rafael Obligado, Mitre 460.<\/p>\n<p>El domingo 21 a las 19 Hs. se realizar\u00e1 un reconocimiento sobre la t\u00e9cnica utilizada en sus obras, con m\u00fasica en vivo. <\/p>\n<p>Organiza Direcci\u00f3n de Cultura con entrada libre y gratuita.<\/p>\n","protected":false},"excerpt":{"rendered":"<p>La Municipalidad de San Pedro lo invita a participar de una exposici\u00f3n de las obras de la artista sampedrina Herminia Sabattini de Suero, los d\u00edas 20 y 21 de octubre de 10 a 12 y de 16 a 19 Hs. en la Biblioteca Popular Rafael Obligado, Mitre 460. El domingo 21 a las 19 Hs. [&hellip;]<\/p>\n","protected":false},"author":4,"featured_media":42024,"comment_status":"open","ping_status":"closed","sticky":false,"template":"","format":"standard","meta":{"om_disable_all_campaigns":false,"_jetpack_memberships_contains_paid_content":false,"footnotes":""},"categories":[101,2],"tags":[],"class_list":["post-42022","post","type-post","status-publish","format-standard","has-post-thumbnail","hentry","category-interes-general-locales","category-locales"],"aioseo_notices":[],"gutentor_comment":0,"jetpack_featured_media_url":"https:\/\/eldiariodesanpedro.com.ar\/sitio\/wp-content\/uploads\/2018\/10\/Dise\u00f1o-sin-t\u00edtulo-1.png","jetpack_shortlink":"https:\/\/wp.me\/p6RhLt-aVM","jetpack_sharing_enabled":true,"_links":{"self":[{"href":"https:\/\/eldiariodesanpedro.com.ar\/sitio\/wp-json\/wp\/v2\/posts\/42022","targetHints":{"allow":["GET"]}}],"collection":[{"href":"https:\/\/eldiariodesanpedro.com.ar\/sitio\/wp-json\/wp\/v2\/posts"}],"about":[{"href":"https:\/\/eldiariodesanpedro.com.ar\/sitio\/wp-json\/wp\/v2\/types\/post"}],"author":[{"embeddable":true,"href":"https:\/\/eldiariodesanpedro.com.ar\/sitio\/wp-json\/wp\/v2\/users\/4"}],"replies":[{"embeddable":true,"href":"https:\/\/eldiariodesanpedro.com.ar\/sitio\/wp-json\/wp\/v2\/comments?post=42022"}],"version-history":[{"count":1,"href":"https:\/\/eldiariodesanpedro.com.ar\/sitio\/wp-json\/wp\/v2\/posts\/42022\/revisions"}],"predecessor-version":[{"id":42025,"href":"https:\/\/eldiariodesanpedro.com.ar\/sitio\/wp-json\/wp\/v2\/posts\/42022\/revisions\/42025"}],"wp:featuredmedia":[{"embeddable":true,"href":"https:\/\/eldiariodesanpedro.com.ar\/sitio\/wp-json\/wp\/v2\/media\/42024"}],"wp:attachment":[{"href":"https:\/\/eldiariodesanpedro.com.ar\/sitio\/wp-json\/wp\/v2\/media?parent=42022"}],"wp:term":[{"taxonomy":"category","embeddable":true,"href":"https:\/\/eldiariodesanpedro.com.ar\/sitio\/wp-json\/wp\/v2\/categories?post=42022"},{"taxonomy":"post_tag","embeddable":true,"href":"https:\/\/eldiariodesanpedro.com.ar\/sitio\/wp-json\/wp\/v2\/tags?post=42022"}],"curies":[{"name":"wp","href":"https:\/\/api.w.org\/{rel}","templated":true}]}}