{"id":42014,"date":"2018-10-17T10:36:58","date_gmt":"2018-10-17T13:36:58","guid":{"rendered":"https:\/\/eldiariodesanpedro.com.ar\/sitio\/?p=42014"},"modified":"2018-10-17T10:44:30","modified_gmt":"2018-10-17T13:44:30","slug":"convenio-de-colaboracion-entre-renatre-municipio-y-el-consejo-escolar","status":"publish","type":"post","link":"https:\/\/eldiariodesanpedro.com.ar\/sitio\/convenio-de-colaboracion-entre-renatre-municipio-y-el-consejo-escolar\/","title":{"rendered":"Convenio de colaboraci\u00f3n entre RENATRE, Municipio y el Consejo Escolar"},"content":{"rendered":"<p><!-- VideographyWP Plugin Message: Automatic video embedding prevented by plugin options. --><br \/>\nEl Intendente Municipal Cecilio Salazar recibi\u00f3 en la tarde de este martes en su despacho a representantes del RENATRE  para suscribir con el Consejo Escolar un convenio de colaboraci\u00f3n con establecimientos educativos del Partido de San Pedro.<\/p>\n<p>En representaci\u00f3n de las entidades rurales estuvieron  Abel Francisco Guerrieri, Alfonso Carlos M\u00e1culus y el Secretario General de UATRE Ernesto Ram\u00f3n Ayala. <\/p>\n<p>En representaci\u00f3n de los establecimientos educativos estuvo la Inspectora Jefe Distrital Mercedes Vell\u00f3n y del Consejo Escolar estuvieron los consejeros Gustavo Liloff, Fernando Cajide, Monica Romagnano, Vanina Zubieta, Claudio Marcelo Paganuchi Francia y por las escuelas sus directores Profesora Daniela Vazquez de la Escuela Primaria N 16 y por la Escuela Secundaria  N\u00ba15 el Profesor Jorge D&#8217;Andrea.<\/p>\n<p>El convenio comprende la entrega de equipamiento inform\u00e1tico, recreaci\u00f3n y tecnolog\u00eda para diferentes \u00e1reas de los mencionados establecimientos.<\/p>\n<p><img decoding=\"async\" data-attachment-id=\"42018\" data-permalink=\"https:\/\/eldiariodesanpedro.com.ar\/sitio\/convenio-de-colaboracion-entre-renatre-municipio-y-el-consejo-escolar\/pastedimage-2-11\/\" data-orig-file=\"https:\/\/eldiariodesanpedro.com.ar\/sitio\/wp-content\/uploads\/2018\/10\/pastedImage-2-3.png\" data-orig-size=\"960,457\" data-comments-opened=\"1\" data-image-meta=\"{&quot;aperture&quot;:&quot;0&quot;,&quot;credit&quot;:&quot;&quot;,&quot;camera&quot;:&quot;&quot;,&quot;caption&quot;:&quot;&quot;,&quot;created_timestamp&quot;:&quot;0&quot;,&quot;copyright&quot;:&quot;&quot;,&quot;focal_length&quot;:&quot;0&quot;,&quot;iso&quot;:&quot;0&quot;,&quot;shutter_speed&quot;:&quot;0&quot;,&quot;title&quot;:&quot;&quot;,&quot;orientation&quot;:&quot;0&quot;}\" data-image-title=\"pastedImage (2)\" data-image-description=\"\" data-image-caption=\"\" data-large-file=\"https:\/\/eldiariodesanpedro.com.ar\/sitio\/wp-content\/uploads\/2018\/10\/pastedImage-2-3.png\" data-src=\"https:\/\/eldiariodesanpedro.com.ar\/sitio\/wp-content\/uploads\/2018\/10\/pastedImage-2-3.png\" alt=\"\" width=\"960\" height=\"457\" class=\"alignnone size-full wp-image-42018 lazyload\" data-srcset=\"https:\/\/eldiariodesanpedro.com.ar\/sitio\/wp-content\/uploads\/2018\/10\/pastedImage-2-3.png 960w, https:\/\/eldiariodesanpedro.com.ar\/sitio\/wp-content\/uploads\/2018\/10\/pastedImage-2-3-300x143.png 300w, https:\/\/eldiariodesanpedro.com.ar\/sitio\/wp-content\/uploads\/2018\/10\/pastedImage-2-3-768x366.png 768w\" data-sizes=\"(max-width: 960px) 100vw, 960px\" src=\"data:image\/svg+xml;base64,PHN2ZyB3aWR0aD0iMSIgaGVpZ2h0PSIxIiB4bWxucz0iaHR0cDovL3d3dy53My5vcmcvMjAwMC9zdmciPjwvc3ZnPg==\" style=\"--smush-placeholder-width: 960px; --smush-placeholder-aspect-ratio: 960\/457;\" \/><\/p>\n","protected":false},"excerpt":{"rendered":"<p>El Intendente Municipal Cecilio Salazar recibi\u00f3 en la tarde de este martes en su despacho a representantes del RENATRE para suscribir con el Consejo Escolar un convenio de colaboraci\u00f3n con establecimientos educativos del Partido de San Pedro. En representaci\u00f3n de las entidades rurales estuvieron Abel Francisco Guerrieri, Alfonso Carlos M\u00e1culus y el Secretario General de [&hellip;]<\/p>\n","protected":false},"author":4,"featured_media":42015,"comment_status":"open","ping_status":"closed","sticky":false,"template":"","format":"standard","meta":{"om_disable_all_campaigns":false,"_jetpack_memberships_contains_paid_content":false,"footnotes":""},"categories":[101,2],"tags":[],"class_list":["post-42014","post","type-post","status-publish","format-standard","has-post-thumbnail","hentry","category-interes-general-locales","category-locales"],"aioseo_notices":[],"gutentor_comment":0,"jetpack_featured_media_url":"https:\/\/eldiariodesanpedro.com.ar\/sitio\/wp-content\/uploads\/2018\/10\/pastedImage-1-3.png","jetpack_shortlink":"https:\/\/wp.me\/p6RhLt-aVE","jetpack_sharing_enabled":true,"_links":{"self":[{"href":"https:\/\/eldiariodesanpedro.com.ar\/sitio\/wp-json\/wp\/v2\/posts\/42014","targetHints":{"allow":["GET"]}}],"collection":[{"href":"https:\/\/eldiariodesanpedro.com.ar\/sitio\/wp-json\/wp\/v2\/posts"}],"about":[{"href":"https:\/\/eldiariodesanpedro.com.ar\/sitio\/wp-json\/wp\/v2\/types\/post"}],"author":[{"embeddable":true,"href":"https:\/\/eldiariodesanpedro.com.ar\/sitio\/wp-json\/wp\/v2\/users\/4"}],"replies":[{"embeddable":true,"href":"https:\/\/eldiariodesanpedro.com.ar\/sitio\/wp-json\/wp\/v2\/comments?post=42014"}],"version-history":[{"count":3,"href":"https:\/\/eldiariodesanpedro.com.ar\/sitio\/wp-json\/wp\/v2\/posts\/42014\/revisions"}],"predecessor-version":[{"id":42021,"href":"https:\/\/eldiariodesanpedro.com.ar\/sitio\/wp-json\/wp\/v2\/posts\/42014\/revisions\/42021"}],"wp:featuredmedia":[{"embeddable":true,"href":"https:\/\/eldiariodesanpedro.com.ar\/sitio\/wp-json\/wp\/v2\/media\/42015"}],"wp:attachment":[{"href":"https:\/\/eldiariodesanpedro.com.ar\/sitio\/wp-json\/wp\/v2\/media?parent=42014"}],"wp:term":[{"taxonomy":"category","embeddable":true,"href":"https:\/\/eldiariodesanpedro.com.ar\/sitio\/wp-json\/wp\/v2\/categories?post=42014"},{"taxonomy":"post_tag","embeddable":true,"href":"https:\/\/eldiariodesanpedro.com.ar\/sitio\/wp-json\/wp\/v2\/tags?post=42014"}],"curies":[{"name":"wp","href":"https:\/\/api.w.org\/{rel}","templated":true}]}}