{"id":42012,"date":"2018-10-17T10:31:29","date_gmt":"2018-10-17T13:31:29","guid":{"rendered":"https:\/\/eldiariodesanpedro.com.ar\/sitio\/?p=42012"},"modified":"2018-10-17T10:31:29","modified_gmt":"2018-10-17T13:31:29","slug":"dos-allanamientons-con-resultados-positivos","status":"publish","type":"post","link":"https:\/\/eldiariodesanpedro.com.ar\/sitio\/dos-allanamientons-con-resultados-positivos\/","title":{"rendered":"Dos allanamientons con resultados positivos"},"content":{"rendered":"<p><!-- VideographyWP Plugin Message: Automatic video embedding prevented by plugin options. --><br \/>\nEste martes el personal Gabinete criminol\u00f3gico de la comisar\u00eda y DDI local realizaron dos allanamientos, tras averiguaciones hecho robo ocurrido d\u00edas atr\u00e1s en calle Salta al 2200 ciudad, diligencia orden de allanamiento tramitado por UFI N\u00b0 11 San Pedro, otorgado por Juzgado de Garant\u00edas en turno en calle Juan B. Justo al 300, arrojando la diligencia resultado positivo, secuestrando prendas utilizadas por autor il\u00edcito al momento de su comisi\u00f3n y elementos de prueba, no encontr\u00e1ndose el sujeto en la vivienda durante la diligencia judicial.<\/p>\n<p>Este martes en horas de la tarde tras averiguaciones hecho amenazas agravadas  denunciado d\u00eda atr\u00e1s, estableci\u00f3 autor\u00eda masculino mayor de edad, se diligencio orden de allanamiento tramitado por UFI N\u00b0 11 San Pedro, otorgado por Juzgado de Garant\u00edas en turno en calle Benefactoras Sampedrinas al 1000, arrojando la diligencia resultado positivo, secuestrando arma de fuego CARABINA, CALIBRE 22. Para el morador se cumplieron recaudos legales, un sujeto de 51 a\u00f1os de edad, sometido a proceso judicial.<\/p>\n","protected":false},"excerpt":{"rendered":"<p>Este martes el personal Gabinete criminol\u00f3gico de la comisar\u00eda y DDI local realizaron dos allanamientos, tras averiguaciones hecho robo ocurrido d\u00edas atr\u00e1s en calle Salta al 2200 ciudad, diligencia orden de allanamiento tramitado por UFI N\u00b0 11 San Pedro, otorgado por Juzgado de Garant\u00edas en turno en calle Juan B. Justo al 300, arrojando la [&hellip;]<\/p>\n","protected":false},"author":4,"featured_media":1374,"comment_status":"open","ping_status":"closed","sticky":false,"template":"","format":"standard","meta":{"om_disable_all_campaigns":false,"_jetpack_memberships_contains_paid_content":false,"footnotes":""},"categories":[2,103],"tags":[],"class_list":["post-42012","post","type-post","status-publish","format-standard","has-post-thumbnail","hentry","category-locales","category-policiales-locales"],"aioseo_notices":[],"gutentor_comment":0,"jetpack_featured_media_url":"https:\/\/eldiariodesanpedro.com.ar\/sitio\/wp-content\/uploads\/2015\/12\/allanamientos-02.jpg","jetpack_shortlink":"https:\/\/wp.me\/p6RhLt-aVC","jetpack_sharing_enabled":true,"_links":{"self":[{"href":"https:\/\/eldiariodesanpedro.com.ar\/sitio\/wp-json\/wp\/v2\/posts\/42012","targetHints":{"allow":["GET"]}}],"collection":[{"href":"https:\/\/eldiariodesanpedro.com.ar\/sitio\/wp-json\/wp\/v2\/posts"}],"about":[{"href":"https:\/\/eldiariodesanpedro.com.ar\/sitio\/wp-json\/wp\/v2\/types\/post"}],"author":[{"embeddable":true,"href":"https:\/\/eldiariodesanpedro.com.ar\/sitio\/wp-json\/wp\/v2\/users\/4"}],"replies":[{"embeddable":true,"href":"https:\/\/eldiariodesanpedro.com.ar\/sitio\/wp-json\/wp\/v2\/comments?post=42012"}],"version-history":[{"count":1,"href":"https:\/\/eldiariodesanpedro.com.ar\/sitio\/wp-json\/wp\/v2\/posts\/42012\/revisions"}],"predecessor-version":[{"id":42013,"href":"https:\/\/eldiariodesanpedro.com.ar\/sitio\/wp-json\/wp\/v2\/posts\/42012\/revisions\/42013"}],"wp:featuredmedia":[{"embeddable":true,"href":"https:\/\/eldiariodesanpedro.com.ar\/sitio\/wp-json\/wp\/v2\/media\/1374"}],"wp:attachment":[{"href":"https:\/\/eldiariodesanpedro.com.ar\/sitio\/wp-json\/wp\/v2\/media?parent=42012"}],"wp:term":[{"taxonomy":"category","embeddable":true,"href":"https:\/\/eldiariodesanpedro.com.ar\/sitio\/wp-json\/wp\/v2\/categories?post=42012"},{"taxonomy":"post_tag","embeddable":true,"href":"https:\/\/eldiariodesanpedro.com.ar\/sitio\/wp-json\/wp\/v2\/tags?post=42012"}],"curies":[{"name":"wp","href":"https:\/\/api.w.org\/{rel}","templated":true}]}}