{"id":42010,"date":"2018-10-17T10:27:30","date_gmt":"2018-10-17T13:27:30","guid":{"rendered":"https:\/\/eldiariodesanpedro.com.ar\/sitio\/?p=42010"},"modified":"2018-10-17T10:27:30","modified_gmt":"2018-10-17T13:27:30","slug":"se-aprehendio-a-un-joven-que-conducia-alcoholizado-en-la-ruta-191","status":"publish","type":"post","link":"https:\/\/eldiariodesanpedro.com.ar\/sitio\/se-aprehendio-a-un-joven-que-conducia-alcoholizado-en-la-ruta-191\/","title":{"rendered":"Se aprehendi\u00f3 a un joven que conduc\u00eda alcoholizado en la ruta 191"},"content":{"rendered":"<p><!-- VideographyWP Plugin Message: Automatic video embedding prevented by plugin options. --><br \/>\nEn la vecina localidad de Santa Luc\u00eda, el personal de ese destacamento en Ruta 191 km 27, procedi\u00f3 a la aprehensi\u00f3n de masculino de 47 a\u00f1os, quien hall\u00e1base al momento de ser identificado por el m\u00f3vil policial en evidente estado de ebriedad, sobre la cinta asf\u00e1ltica de la Ruta Provincial N\u00b0 191 km 27 aprox luego de haber despistado a bordo de un autom\u00f3vil. Se procede traslado a dependencia Se labran actuaciones contravencionales Interv. Juzgado de Paz San Pedro.<\/p>\n","protected":false},"excerpt":{"rendered":"<p>En la vecina localidad de Santa Luc\u00eda, el personal de ese destacamento en Ruta 191 km 27, procedi\u00f3 a la aprehensi\u00f3n de masculino de 47 a\u00f1os, quien hall\u00e1base al momento de ser identificado por el m\u00f3vil policial en evidente estado de ebriedad, sobre la cinta asf\u00e1ltica de la Ruta Provincial N\u00b0 191 km 27 aprox [&hellip;]<\/p>\n","protected":false},"author":4,"featured_media":32943,"comment_status":"open","ping_status":"closed","sticky":false,"template":"","format":"standard","meta":{"om_disable_all_campaigns":false,"_jetpack_memberships_contains_paid_content":false,"footnotes":""},"categories":[2,103],"tags":[],"class_list":["post-42010","post","type-post","status-publish","format-standard","has-post-thumbnail","hentry","category-locales","category-policiales-locales"],"aioseo_notices":[],"gutentor_comment":0,"jetpack_featured_media_url":"https:\/\/eldiariodesanpedro.com.ar\/sitio\/wp-content\/uploads\/2018\/05\/0028800561.jpg","jetpack_shortlink":"https:\/\/wp.me\/p6RhLt-aVA","jetpack_sharing_enabled":true,"_links":{"self":[{"href":"https:\/\/eldiariodesanpedro.com.ar\/sitio\/wp-json\/wp\/v2\/posts\/42010","targetHints":{"allow":["GET"]}}],"collection":[{"href":"https:\/\/eldiariodesanpedro.com.ar\/sitio\/wp-json\/wp\/v2\/posts"}],"about":[{"href":"https:\/\/eldiariodesanpedro.com.ar\/sitio\/wp-json\/wp\/v2\/types\/post"}],"author":[{"embeddable":true,"href":"https:\/\/eldiariodesanpedro.com.ar\/sitio\/wp-json\/wp\/v2\/users\/4"}],"replies":[{"embeddable":true,"href":"https:\/\/eldiariodesanpedro.com.ar\/sitio\/wp-json\/wp\/v2\/comments?post=42010"}],"version-history":[{"count":1,"href":"https:\/\/eldiariodesanpedro.com.ar\/sitio\/wp-json\/wp\/v2\/posts\/42010\/revisions"}],"predecessor-version":[{"id":42011,"href":"https:\/\/eldiariodesanpedro.com.ar\/sitio\/wp-json\/wp\/v2\/posts\/42010\/revisions\/42011"}],"wp:featuredmedia":[{"embeddable":true,"href":"https:\/\/eldiariodesanpedro.com.ar\/sitio\/wp-json\/wp\/v2\/media\/32943"}],"wp:attachment":[{"href":"https:\/\/eldiariodesanpedro.com.ar\/sitio\/wp-json\/wp\/v2\/media?parent=42010"}],"wp:term":[{"taxonomy":"category","embeddable":true,"href":"https:\/\/eldiariodesanpedro.com.ar\/sitio\/wp-json\/wp\/v2\/categories?post=42010"},{"taxonomy":"post_tag","embeddable":true,"href":"https:\/\/eldiariodesanpedro.com.ar\/sitio\/wp-json\/wp\/v2\/tags?post=42010"}],"curies":[{"name":"wp","href":"https:\/\/api.w.org\/{rel}","templated":true}]}}