{"id":41977,"date":"2018-10-17T10:19:25","date_gmt":"2018-10-17T13:19:25","guid":{"rendered":"https:\/\/eldiariodesanpedro.com.ar\/sitio\/?p=41977"},"modified":"2018-10-17T10:22:25","modified_gmt":"2018-10-17T13:22:25","slug":"se-incendio-un-automovil-en-la-via-publica","status":"publish","type":"post","link":"https:\/\/eldiariodesanpedro.com.ar\/sitio\/se-incendio-un-automovil-en-la-via-publica\/","title":{"rendered":"Se incendi\u00f3 un autom\u00f3vil en la v\u00eda publica"},"content":{"rendered":"<p><!-- VideographyWP Plugin Message: Automatic video embedding prevented by plugin options. --><br \/>\nSe registr\u00f3 un incendio donde Bomberos Voluntarios se hizo presente en la noche del martes.<\/p>\n<p>Este martes a las 21:30 horas, el personal de la comisar\u00eda local junto con una dotaci\u00f3n de Bomberos Voluntarios fue alertada acude intersecci\u00f3n de calle 3 de Febrero altura 2.500, donde constatan en v\u00eda p\u00fablica incendio de autom\u00f3vil marca Ford, modelo Falcon, propiedad de masculino de 21 a\u00f1os, descarta intencionalidad. Se solicita bomberos, peritos fines determinar causal, tramita las actuaciones en la fiscal\u00eda en turno de San Pedro<\/p>\n","protected":false},"excerpt":{"rendered":"<p>Se registr\u00f3 un incendio donde Bomberos Voluntarios se hizo presente en la noche del martes. Este martes a las 21:30 horas, el personal de la comisar\u00eda local junto con una dotaci\u00f3n de Bomberos Voluntarios fue alertada acude intersecci\u00f3n de calle 3 de Febrero altura 2.500, donde constatan en v\u00eda p\u00fablica incendio de autom\u00f3vil marca Ford, [&hellip;]<\/p>\n","protected":false},"author":4,"featured_media":18227,"comment_status":"open","ping_status":"closed","sticky":false,"template":"","format":"standard","meta":{"om_disable_all_campaigns":false,"_jetpack_memberships_contains_paid_content":false,"footnotes":""},"categories":[101,2],"tags":[],"class_list":["post-41977","post","type-post","status-publish","format-standard","has-post-thumbnail","hentry","category-interes-general-locales","category-locales"],"aioseo_notices":[],"gutentor_comment":0,"jetpack_featured_media_url":"https:\/\/eldiariodesanpedro.com.ar\/sitio\/wp-content\/uploads\/2017\/05\/bomberos-san-pedro-1.jpg","jetpack_shortlink":"https:\/\/wp.me\/p6RhLt-aV3","jetpack_sharing_enabled":true,"_links":{"self":[{"href":"https:\/\/eldiariodesanpedro.com.ar\/sitio\/wp-json\/wp\/v2\/posts\/41977","targetHints":{"allow":["GET"]}}],"collection":[{"href":"https:\/\/eldiariodesanpedro.com.ar\/sitio\/wp-json\/wp\/v2\/posts"}],"about":[{"href":"https:\/\/eldiariodesanpedro.com.ar\/sitio\/wp-json\/wp\/v2\/types\/post"}],"author":[{"embeddable":true,"href":"https:\/\/eldiariodesanpedro.com.ar\/sitio\/wp-json\/wp\/v2\/users\/4"}],"replies":[{"embeddable":true,"href":"https:\/\/eldiariodesanpedro.com.ar\/sitio\/wp-json\/wp\/v2\/comments?post=41977"}],"version-history":[{"count":2,"href":"https:\/\/eldiariodesanpedro.com.ar\/sitio\/wp-json\/wp\/v2\/posts\/41977\/revisions"}],"predecessor-version":[{"id":42009,"href":"https:\/\/eldiariodesanpedro.com.ar\/sitio\/wp-json\/wp\/v2\/posts\/41977\/revisions\/42009"}],"wp:featuredmedia":[{"embeddable":true,"href":"https:\/\/eldiariodesanpedro.com.ar\/sitio\/wp-json\/wp\/v2\/media\/18227"}],"wp:attachment":[{"href":"https:\/\/eldiariodesanpedro.com.ar\/sitio\/wp-json\/wp\/v2\/media?parent=41977"}],"wp:term":[{"taxonomy":"category","embeddable":true,"href":"https:\/\/eldiariodesanpedro.com.ar\/sitio\/wp-json\/wp\/v2\/categories?post=41977"},{"taxonomy":"post_tag","embeddable":true,"href":"https:\/\/eldiariodesanpedro.com.ar\/sitio\/wp-json\/wp\/v2\/tags?post=41977"}],"curies":[{"name":"wp","href":"https:\/\/api.w.org\/{rel}","templated":true}]}}