{"id":41975,"date":"2018-10-17T10:11:50","date_gmt":"2018-10-17T13:11:50","guid":{"rendered":"https:\/\/eldiariodesanpedro.com.ar\/sitio\/?p=41975"},"modified":"2018-10-17T10:11:50","modified_gmt":"2018-10-17T13:11:50","slug":"tres-denuncias-por-amenazas-en-la-comisaria-local","status":"publish","type":"post","link":"https:\/\/eldiariodesanpedro.com.ar\/sitio\/tres-denuncias-por-amenazas-en-la-comisaria-local\/","title":{"rendered":"Tres denuncias por amenazas en la comisaria local"},"content":{"rendered":"<p><!-- VideographyWP Plugin Message: Automatic video embedding prevented by plugin options. --><br \/>\nEste martes alrededor de las 14:00 horas se recibi\u00f3 la denuncia de un masculino de 52 a\u00f1os, quien relata que momento en que se hallaba en su domicilio de Javier Rivero altura 1700, recibe amenazas verbales por parte de sus vecinos, que estos arrojan una piedra, que ocasiona da\u00f1o en guardabarros de su autom\u00f3vil, problema vecinal de vieja data.<\/p>\n<p>Este martes a las 14:30 vecino de 57 a\u00f1os se present\u00f3 en la comisar\u00eda local, hall\u00e1ndose en su domicilio calle D\u00e1vila altura catastral 1350, recibe amenazas verbales por parte de dos masculinos que reconoce. Refiere problemas de vieja data.<\/p>\n<p>Este martes 18:50 horas una femenina de 25 a\u00f1os realizo una denuncia, quien hall\u00e1ndose en su domicilio calle Am\u00e9rica altura 400, recibe amenazas verbales por parte de femenina mayor de edad que reconoce. <\/p>\n<p>Investiga los hechos la fiscal\u00eda en turno de San Pedro.<\/p>\n","protected":false},"excerpt":{"rendered":"<p>Este martes alrededor de las 14:00 horas se recibi\u00f3 la denuncia de un masculino de 52 a\u00f1os, quien relata que momento en que se hallaba en su domicilio de Javier Rivero altura 1700, recibe amenazas verbales por parte de sus vecinos, que estos arrojan una piedra, que ocasiona da\u00f1o en guardabarros de su autom\u00f3vil, problema [&hellip;]<\/p>\n","protected":false},"author":4,"featured_media":16982,"comment_status":"open","ping_status":"closed","sticky":false,"template":"","format":"standard","meta":{"om_disable_all_campaigns":false,"_jetpack_memberships_contains_paid_content":false,"footnotes":""},"categories":[101,2],"tags":[],"class_list":["post-41975","post","type-post","status-publish","format-standard","has-post-thumbnail","hentry","category-interes-general-locales","category-locales"],"aioseo_notices":[],"gutentor_comment":0,"jetpack_featured_media_url":"https:\/\/eldiariodesanpedro.com.ar\/sitio\/wp-content\/uploads\/2017\/04\/DSC_0215-e1492514874414.jpg","jetpack_shortlink":"https:\/\/wp.me\/p6RhLt-aV1","jetpack_sharing_enabled":true,"_links":{"self":[{"href":"https:\/\/eldiariodesanpedro.com.ar\/sitio\/wp-json\/wp\/v2\/posts\/41975","targetHints":{"allow":["GET"]}}],"collection":[{"href":"https:\/\/eldiariodesanpedro.com.ar\/sitio\/wp-json\/wp\/v2\/posts"}],"about":[{"href":"https:\/\/eldiariodesanpedro.com.ar\/sitio\/wp-json\/wp\/v2\/types\/post"}],"author":[{"embeddable":true,"href":"https:\/\/eldiariodesanpedro.com.ar\/sitio\/wp-json\/wp\/v2\/users\/4"}],"replies":[{"embeddable":true,"href":"https:\/\/eldiariodesanpedro.com.ar\/sitio\/wp-json\/wp\/v2\/comments?post=41975"}],"version-history":[{"count":1,"href":"https:\/\/eldiariodesanpedro.com.ar\/sitio\/wp-json\/wp\/v2\/posts\/41975\/revisions"}],"predecessor-version":[{"id":41976,"href":"https:\/\/eldiariodesanpedro.com.ar\/sitio\/wp-json\/wp\/v2\/posts\/41975\/revisions\/41976"}],"wp:featuredmedia":[{"embeddable":true,"href":"https:\/\/eldiariodesanpedro.com.ar\/sitio\/wp-json\/wp\/v2\/media\/16982"}],"wp:attachment":[{"href":"https:\/\/eldiariodesanpedro.com.ar\/sitio\/wp-json\/wp\/v2\/media?parent=41975"}],"wp:term":[{"taxonomy":"category","embeddable":true,"href":"https:\/\/eldiariodesanpedro.com.ar\/sitio\/wp-json\/wp\/v2\/categories?post=41975"},{"taxonomy":"post_tag","embeddable":true,"href":"https:\/\/eldiariodesanpedro.com.ar\/sitio\/wp-json\/wp\/v2\/tags?post=41975"}],"curies":[{"name":"wp","href":"https:\/\/api.w.org\/{rel}","templated":true}]}}