{"id":41974,"date":"2018-10-17T10:43:12","date_gmt":"2018-10-17T13:43:12","guid":{"rendered":"https:\/\/eldiariodesanpedro.com.ar\/sitio\/?p=41974"},"modified":"2018-10-17T18:00:55","modified_gmt":"2018-10-17T21:00:55","slug":"concejales-y-el-secretario-de-seguridad-brindaron-su-atencion-al-publico-en-el-area-de-inspeccion","status":"publish","type":"post","link":"https:\/\/eldiariodesanpedro.com.ar\/sitio\/concejales-y-el-secretario-de-seguridad-brindaron-su-atencion-al-publico-en-el-area-de-inspeccion\/","title":{"rendered":"Concejales y el Secretario de Seguridad, brindaron su atenci\u00f3n al p\u00fablico en el \u00e1rea de inspecci\u00f3n"},"content":{"rendered":"<p><!-- VideographyWP Plugin Message: Automatic video embedding prevented by plugin options. --><br \/>\nEsta ma\u00f1ana, sorpresivamente, concejales del oficialismo y el Secretario de Seguridad, Eduardo Rolleri, se presentaron en el area de inspeccion para brindar la atenci\u00f3n al publico. Los trabajadores de esa \u00e1rea se encuentran de retenci\u00f3n de tareas.<\/p>\n<p>El reclamo es mejoras en las condiciones laborales, que vienen reclamando desde ya hace un tiempo.<\/p>\n<p>Dialogamos con el concejal de cambiemos Ivan Paz, que se encontraba colaborando en el area y expreso: \u00abnos hicimos presentes en el \u00e1rea porque estamos preocupados, es un \u00e1rea muy concurrida y hay empleados que quieren trabajar, no se ven en las condiciones apropiadas para hacerlo, vienen planteando esto hace bastante a los directivos y autoridades,estamos aca para colaborar\u00bb, con respecto a las retenciones de tareas agrego, \u00abesta ma\u00f1ana, en la balanza, personas que no trabajan all\u00ed, imped\u00edan que los trabajadores cumplan sus horas, entonces el derecho a huelga lo tienen y lo pueden hacer, ahora los trabajadores que quieren trabajar tambi\u00e9n, lo pueden hacer, hoy dialogamos con gente que vino cuatro veces para hacer un carnet de conducir y ya lo pudieron solucionar, repito el que quiere trabajar lo puede hacer, no es necesario entrar gritando e imponiendo una medida de fuerza\u00bb.<\/p>\n<p><iframe style=\"border: none; overflow: hidden;\" data-src=\"https:\/\/www.facebook.com\/plugins\/video.php?href=https%3A%2F%2Fwww.facebook.com%2Feldiario.desanpedro%2Fvideos%2F278203439488936%2F&amp;show_text=0&amp;width=560\" width=\"560\" height=\"315\" frameborder=\"0\" scrolling=\"no\" allowfullscreen=\"allowfullscreen\" src=\"data:image\/svg+xml;base64,PHN2ZyB3aWR0aD0iMSIgaGVpZ2h0PSIxIiB4bWxucz0iaHR0cDovL3d3dy53My5vcmcvMjAwMC9zdmciPjwvc3ZnPg==\" class=\"lazyload\" data-load-mode=\"1\"><\/iframe><\/p>\n<p>Tambi\u00e9n dialogamos con el sindicalista Ra\u00fal Benitez que enojado por la funci\u00f3n de los concejales, expreso: \u00abme llama la atencion, venimos de reclamos hace mucho tiempo, me hubiera gustado que vengan mucho antes a ponerse al tanto de la situaci\u00f3n de los compa\u00f1eros, pero bueno me parece buen gesto de los concejales ya que se llevan noventa mil pesos por mes, que se pongan a trabajar, nosotros no apretamos a ning\u00fan compa\u00f1eros, son decisiones que toman ellos en asamblea\u00bb, y agreg\u00f3 \u00bb ac\u00e1 se llueve por todos lados, se mojan archivos que se pueden perder, me parece una verg\u00fcenza que reci\u00e9n hoy han venido a colaborar, ojala se pongan del lado del ciudadano de San Pedro, y se pongan realmente a trabajar\u00bb.<\/p>\n<p><iframe style=\"border: none; overflow: hidden;\" data-src=\"https:\/\/www.facebook.com\/plugins\/video.php?href=https%3A%2F%2Fwww.facebook.com%2Feldiario.desanpedro%2Fvideos%2F350411355705022%2F&amp;show_text=0&amp;width=560\" width=\"560\" height=\"315\" frameborder=\"0\" scrolling=\"no\" allowfullscreen=\"allowfullscreen\" src=\"data:image\/svg+xml;base64,PHN2ZyB3aWR0aD0iMSIgaGVpZ2h0PSIxIiB4bWxucz0iaHR0cDovL3d3dy53My5vcmcvMjAwMC9zdmciPjwvc3ZnPg==\" class=\"lazyload\" data-load-mode=\"1\"><\/iframe><\/p>\n<p><img decoding=\"async\" data-attachment-id=\"41991\" data-permalink=\"https:\/\/eldiariodesanpedro.com.ar\/sitio\/concejales-y-el-secretario-de-seguridad-brindaron-su-atencion-al-publico-en-el-area-de-inspeccion\/whatsapp-image-2018-10-17-at-08-46-18\/\" data-orig-file=\"https:\/\/eldiariodesanpedro.com.ar\/sitio\/wp-content\/uploads\/2018\/10\/WhatsApp-Image-2018-10-17-at-08.46.18.jpeg\" data-orig-size=\"1280,959\" data-comments-opened=\"1\" data-image-meta=\"{&quot;aperture&quot;:&quot;0&quot;,&quot;credit&quot;:&quot;&quot;,&quot;camera&quot;:&quot;&quot;,&quot;caption&quot;:&quot;&quot;,&quot;created_timestamp&quot;:&quot;0&quot;,&quot;copyright&quot;:&quot;&quot;,&quot;focal_length&quot;:&quot;0&quot;,&quot;iso&quot;:&quot;0&quot;,&quot;shutter_speed&quot;:&quot;0&quot;,&quot;title&quot;:&quot;&quot;,&quot;orientation&quot;:&quot;0&quot;}\" data-image-title=\"WhatsApp Image 2018-10-17 at 08.46.18\" data-image-description=\"\" data-image-caption=\"\" data-large-file=\"https:\/\/eldiariodesanpedro.com.ar\/sitio\/wp-content\/uploads\/2018\/10\/WhatsApp-Image-2018-10-17-at-08.46.18-1024x767.jpeg\" class=\"alignnone size-large wp-image-41991 lazyload\" data-src=\"https:\/\/eldiariodesanpedro.com.ar\/sitio\/wp-content\/uploads\/2018\/10\/WhatsApp-Image-2018-10-17-at-08.46.18-1024x767.jpeg\" alt=\"\" width=\"660\" height=\"494\" data-srcset=\"https:\/\/eldiariodesanpedro.com.ar\/sitio\/wp-content\/uploads\/2018\/10\/WhatsApp-Image-2018-10-17-at-08.46.18-1024x767.jpeg 1024w, https:\/\/eldiariodesanpedro.com.ar\/sitio\/wp-content\/uploads\/2018\/10\/WhatsApp-Image-2018-10-17-at-08.46.18-300x225.jpeg 300w, https:\/\/eldiariodesanpedro.com.ar\/sitio\/wp-content\/uploads\/2018\/10\/WhatsApp-Image-2018-10-17-at-08.46.18-768x575.jpeg 768w, https:\/\/eldiariodesanpedro.com.ar\/sitio\/wp-content\/uploads\/2018\/10\/WhatsApp-Image-2018-10-17-at-08.46.18.jpeg 1280w\" data-sizes=\"(max-width: 660px) 100vw, 660px\" src=\"data:image\/svg+xml;base64,PHN2ZyB3aWR0aD0iMSIgaGVpZ2h0PSIxIiB4bWxucz0iaHR0cDovL3d3dy53My5vcmcvMjAwMC9zdmciPjwvc3ZnPg==\" style=\"--smush-placeholder-width: 660px; --smush-placeholder-aspect-ratio: 660\/494;\" \/><\/p>\n<p><img decoding=\"async\" data-attachment-id=\"41981\" data-permalink=\"https:\/\/eldiariodesanpedro.com.ar\/sitio\/concejales-y-el-secretario-de-seguridad-brindaron-su-atencion-al-publico-en-el-area-de-inspeccion\/whatsapp-image-2018-10-17-at-08-46-14-copia\/\" data-orig-file=\"https:\/\/eldiariodesanpedro.com.ar\/sitio\/wp-content\/uploads\/2018\/10\/WhatsApp-Image-2018-10-17-at-08.46.14-copia.jpeg\" data-orig-size=\"1280,959\" data-comments-opened=\"1\" data-image-meta=\"{&quot;aperture&quot;:&quot;0&quot;,&quot;credit&quot;:&quot;&quot;,&quot;camera&quot;:&quot;&quot;,&quot;caption&quot;:&quot;&quot;,&quot;created_timestamp&quot;:&quot;0&quot;,&quot;copyright&quot;:&quot;&quot;,&quot;focal_length&quot;:&quot;0&quot;,&quot;iso&quot;:&quot;0&quot;,&quot;shutter_speed&quot;:&quot;0&quot;,&quot;title&quot;:&quot;&quot;,&quot;orientation&quot;:&quot;0&quot;}\" data-image-title=\"WhatsApp Image 2018-10-17 at 08.46.14 &amp;#8211; copia\" data-image-description=\"\" data-image-caption=\"\" data-large-file=\"https:\/\/eldiariodesanpedro.com.ar\/sitio\/wp-content\/uploads\/2018\/10\/WhatsApp-Image-2018-10-17-at-08.46.14-copia-1024x767.jpeg\" class=\"alignnone size-large wp-image-41981 lazyload\" data-src=\"https:\/\/eldiariodesanpedro.com.ar\/sitio\/wp-content\/uploads\/2018\/10\/WhatsApp-Image-2018-10-17-at-08.46.14-copia-1024x767.jpeg\" alt=\"\" width=\"660\" height=\"494\" data-srcset=\"https:\/\/eldiariodesanpedro.com.ar\/sitio\/wp-content\/uploads\/2018\/10\/WhatsApp-Image-2018-10-17-at-08.46.14-copia-1024x767.jpeg 1024w, https:\/\/eldiariodesanpedro.com.ar\/sitio\/wp-content\/uploads\/2018\/10\/WhatsApp-Image-2018-10-17-at-08.46.14-copia-300x225.jpeg 300w, https:\/\/eldiariodesanpedro.com.ar\/sitio\/wp-content\/uploads\/2018\/10\/WhatsApp-Image-2018-10-17-at-08.46.14-copia-768x575.jpeg 768w, https:\/\/eldiariodesanpedro.com.ar\/sitio\/wp-content\/uploads\/2018\/10\/WhatsApp-Image-2018-10-17-at-08.46.14-copia.jpeg 1280w\" data-sizes=\"(max-width: 660px) 100vw, 660px\" src=\"data:image\/svg+xml;base64,PHN2ZyB3aWR0aD0iMSIgaGVpZ2h0PSIxIiB4bWxucz0iaHR0cDovL3d3dy53My5vcmcvMjAwMC9zdmciPjwvc3ZnPg==\" style=\"--smush-placeholder-width: 660px; --smush-placeholder-aspect-ratio: 660\/494;\" \/><\/p>\n<p><img decoding=\"async\" data-attachment-id=\"41980\" data-permalink=\"https:\/\/eldiariodesanpedro.com.ar\/sitio\/concejales-y-el-secretario-de-seguridad-brindaron-su-atencion-al-publico-en-el-area-de-inspeccion\/whatsapp-image-2018-10-17-at-08-46-13-1-copia\/\" data-orig-file=\"https:\/\/eldiariodesanpedro.com.ar\/sitio\/wp-content\/uploads\/2018\/10\/WhatsApp-Image-2018-10-17-at-08.46.13-1-copia.jpeg\" data-orig-size=\"1280,959\" data-comments-opened=\"1\" data-image-meta=\"{&quot;aperture&quot;:&quot;0&quot;,&quot;credit&quot;:&quot;&quot;,&quot;camera&quot;:&quot;&quot;,&quot;caption&quot;:&quot;&quot;,&quot;created_timestamp&quot;:&quot;0&quot;,&quot;copyright&quot;:&quot;&quot;,&quot;focal_length&quot;:&quot;0&quot;,&quot;iso&quot;:&quot;0&quot;,&quot;shutter_speed&quot;:&quot;0&quot;,&quot;title&quot;:&quot;&quot;,&quot;orientation&quot;:&quot;0&quot;}\" data-image-title=\"WhatsApp Image 2018-10-17 at 08.46.13 (1) &amp;#8211; copia\" data-image-description=\"\" data-image-caption=\"\" data-large-file=\"https:\/\/eldiariodesanpedro.com.ar\/sitio\/wp-content\/uploads\/2018\/10\/WhatsApp-Image-2018-10-17-at-08.46.13-1-copia-1024x767.jpeg\" class=\"alignnone size-large wp-image-41980 lazyload\" data-src=\"https:\/\/eldiariodesanpedro.com.ar\/sitio\/wp-content\/uploads\/2018\/10\/WhatsApp-Image-2018-10-17-at-08.46.13-1-copia-1024x767.jpeg\" alt=\"\" width=\"660\" height=\"494\" data-srcset=\"https:\/\/eldiariodesanpedro.com.ar\/sitio\/wp-content\/uploads\/2018\/10\/WhatsApp-Image-2018-10-17-at-08.46.13-1-copia-1024x767.jpeg 1024w, https:\/\/eldiariodesanpedro.com.ar\/sitio\/wp-content\/uploads\/2018\/10\/WhatsApp-Image-2018-10-17-at-08.46.13-1-copia-300x225.jpeg 300w, https:\/\/eldiariodesanpedro.com.ar\/sitio\/wp-content\/uploads\/2018\/10\/WhatsApp-Image-2018-10-17-at-08.46.13-1-copia-768x575.jpeg 768w, https:\/\/eldiariodesanpedro.com.ar\/sitio\/wp-content\/uploads\/2018\/10\/WhatsApp-Image-2018-10-17-at-08.46.13-1-copia.jpeg 1280w\" data-sizes=\"(max-width: 660px) 100vw, 660px\" src=\"data:image\/svg+xml;base64,PHN2ZyB3aWR0aD0iMSIgaGVpZ2h0PSIxIiB4bWxucz0iaHR0cDovL3d3dy53My5vcmcvMjAwMC9zdmciPjwvc3ZnPg==\" style=\"--smush-placeholder-width: 660px; --smush-placeholder-aspect-ratio: 660\/494;\" \/><\/p>\n<p><img decoding=\"async\" data-attachment-id=\"41988\" data-permalink=\"https:\/\/eldiariodesanpedro.com.ar\/sitio\/concejales-y-el-secretario-de-seguridad-brindaron-su-atencion-al-publico-en-el-area-de-inspeccion\/whatsapp-image-2018-10-17-at-08-46-16-1\/\" data-orig-file=\"https:\/\/eldiariodesanpedro.com.ar\/sitio\/wp-content\/uploads\/2018\/10\/WhatsApp-Image-2018-10-17-at-08.46.16-1.jpeg\" data-orig-size=\"1280,959\" data-comments-opened=\"1\" data-image-meta=\"{&quot;aperture&quot;:&quot;0&quot;,&quot;credit&quot;:&quot;&quot;,&quot;camera&quot;:&quot;&quot;,&quot;caption&quot;:&quot;&quot;,&quot;created_timestamp&quot;:&quot;0&quot;,&quot;copyright&quot;:&quot;&quot;,&quot;focal_length&quot;:&quot;0&quot;,&quot;iso&quot;:&quot;0&quot;,&quot;shutter_speed&quot;:&quot;0&quot;,&quot;title&quot;:&quot;&quot;,&quot;orientation&quot;:&quot;0&quot;}\" data-image-title=\"WhatsApp Image 2018-10-17 at 08.46.16 (1)\" data-image-description=\"\" data-image-caption=\"\" data-large-file=\"https:\/\/eldiariodesanpedro.com.ar\/sitio\/wp-content\/uploads\/2018\/10\/WhatsApp-Image-2018-10-17-at-08.46.16-1-1024x767.jpeg\" class=\"alignnone size-large wp-image-41988 lazyload\" data-src=\"https:\/\/eldiariodesanpedro.com.ar\/sitio\/wp-content\/uploads\/2018\/10\/WhatsApp-Image-2018-10-17-at-08.46.16-1-1024x767.jpeg\" alt=\"\" width=\"660\" height=\"494\" data-srcset=\"https:\/\/eldiariodesanpedro.com.ar\/sitio\/wp-content\/uploads\/2018\/10\/WhatsApp-Image-2018-10-17-at-08.46.16-1-1024x767.jpeg 1024w, https:\/\/eldiariodesanpedro.com.ar\/sitio\/wp-content\/uploads\/2018\/10\/WhatsApp-Image-2018-10-17-at-08.46.16-1-300x225.jpeg 300w, https:\/\/eldiariodesanpedro.com.ar\/sitio\/wp-content\/uploads\/2018\/10\/WhatsApp-Image-2018-10-17-at-08.46.16-1-768x575.jpeg 768w, https:\/\/eldiariodesanpedro.com.ar\/sitio\/wp-content\/uploads\/2018\/10\/WhatsApp-Image-2018-10-17-at-08.46.16-1.jpeg 1280w\" data-sizes=\"(max-width: 660px) 100vw, 660px\" src=\"data:image\/svg+xml;base64,PHN2ZyB3aWR0aD0iMSIgaGVpZ2h0PSIxIiB4bWxucz0iaHR0cDovL3d3dy53My5vcmcvMjAwMC9zdmciPjwvc3ZnPg==\" style=\"--smush-placeholder-width: 660px; --smush-placeholder-aspect-ratio: 660\/494;\" \/><\/p>\n","protected":false},"excerpt":{"rendered":"<p>Esta ma\u00f1ana, sorpresivamente, concejales del oficialismo y el Secretario de Seguridad, Eduardo Rolleri, se presentaron en el area de inspeccion para brindar la atenci\u00f3n al publico. Los trabajadores de esa \u00e1rea se encuentran de retenci\u00f3n de tareas. El reclamo es mejoras en las condiciones laborales, que vienen reclamando desde ya hace un tiempo. Dialogamos con [&hellip;]<\/p>\n","protected":false},"author":4,"featured_media":41988,"comment_status":"open","ping_status":"closed","sticky":false,"template":"","format":"standard","meta":{"om_disable_all_campaigns":false,"_jetpack_memberships_contains_paid_content":false,"footnotes":""},"categories":[50,101,2],"tags":[],"class_list":["post-41974","post","type-post","status-publish","format-standard","has-post-thumbnail","hentry","category-destacadas","category-interes-general-locales","category-locales"],"aioseo_notices":[],"gutentor_comment":0,"jetpack_featured_media_url":"https:\/\/eldiariodesanpedro.com.ar\/sitio\/wp-content\/uploads\/2018\/10\/WhatsApp-Image-2018-10-17-at-08.46.16-1.jpeg","jetpack_shortlink":"https:\/\/wp.me\/p6RhLt-aV0","jetpack_sharing_enabled":true,"_links":{"self":[{"href":"https:\/\/eldiariodesanpedro.com.ar\/sitio\/wp-json\/wp\/v2\/posts\/41974","targetHints":{"allow":["GET"]}}],"collection":[{"href":"https:\/\/eldiariodesanpedro.com.ar\/sitio\/wp-json\/wp\/v2\/posts"}],"about":[{"href":"https:\/\/eldiariodesanpedro.com.ar\/sitio\/wp-json\/wp\/v2\/types\/post"}],"author":[{"embeddable":true,"href":"https:\/\/eldiariodesanpedro.com.ar\/sitio\/wp-json\/wp\/v2\/users\/4"}],"replies":[{"embeddable":true,"href":"https:\/\/eldiariodesanpedro.com.ar\/sitio\/wp-json\/wp\/v2\/comments?post=41974"}],"version-history":[{"count":2,"href":"https:\/\/eldiariodesanpedro.com.ar\/sitio\/wp-json\/wp\/v2\/posts\/41974\/revisions"}],"predecessor-version":[{"id":42041,"href":"https:\/\/eldiariodesanpedro.com.ar\/sitio\/wp-json\/wp\/v2\/posts\/41974\/revisions\/42041"}],"wp:featuredmedia":[{"embeddable":true,"href":"https:\/\/eldiariodesanpedro.com.ar\/sitio\/wp-json\/wp\/v2\/media\/41988"}],"wp:attachment":[{"href":"https:\/\/eldiariodesanpedro.com.ar\/sitio\/wp-json\/wp\/v2\/media?parent=41974"}],"wp:term":[{"taxonomy":"category","embeddable":true,"href":"https:\/\/eldiariodesanpedro.com.ar\/sitio\/wp-json\/wp\/v2\/categories?post=41974"},{"taxonomy":"post_tag","embeddable":true,"href":"https:\/\/eldiariodesanpedro.com.ar\/sitio\/wp-json\/wp\/v2\/tags?post=41974"}],"curies":[{"name":"wp","href":"https:\/\/api.w.org\/{rel}","templated":true}]}}