{"id":41967,"date":"2018-10-16T20:58:35","date_gmt":"2018-10-16T23:58:35","guid":{"rendered":"https:\/\/eldiariodesanpedro.com.ar\/sitio\/?p=41967"},"modified":"2026-01-24T00:09:18","modified_gmt":"2026-01-24T03:09:18","slug":"voley-gran-actuacion-del-sub-15-en-la-metro","status":"publish","type":"post","link":"https:\/\/eldiariodesanpedro.com.ar\/sitio\/voley-gran-actuacion-del-sub-15-en-la-metro\/","title":{"rendered":"V\u00d3LEY: Gran actuaci\u00f3n del sub 15 en la Metro"},"content":{"rendered":"<p><!-- VideographyWP Plugin Message: Automatic video embedding prevented by plugin options. --><br \/>\n  En un intenso fin de semana el equipo de v\u00f3leibol Sub 15 del Club N\u00e1utico San Pedro lleg\u00f3 a octavos de final del campeonato abierto metropolitano en Buenos Aires. Integr\u00f3 la zona 5 con Ciudad de Campana al que le gan\u00f3 2 \u2013 1 con un partidazo, Belgrano al que vencieron 2 \u2013 0 y Mariano Moreno al que derrot\u00f3 tambi\u00e9n 2 a 0. As\u00ed qued\u00f3 primero en su zona y clasific\u00f3 para medirse con los mejores. En la instancia siguiente venci\u00f3 a Club Italiano 2-0, perdi\u00f3 2-0 con Unidos de Mar del Plata y en el \u00faltimo partido se jug\u00f3 la clasificaci\u00f3n frente a Ferro ganando 2 a 0. Lomas V\u00f3ley fue el verdugo de los chicos en octavos, ya bastante cansados, que no pudieron y cayeron 0-2. La foto muestra a los protagonistas de este gran fin de semana.<br \/>\nArriba: Dt: Federico Bonvissuto; Amadeo Torre; Valentino Fauro; M\u00e1ximo Dom\u00ednguez; Mart\u00edn Mantovani; Rafael P\u00e9rez; Santiago Repetti; Dt: Gonzalo Ratto<br \/>\nAbajo: Francesco Botta; Joaqu\u00edn Chediak; Joaqu\u00edn Garc\u00eda; Sim\u00f3n Paradela; Mateo Cejas; Nazareno Massaglia; Jos\u00e9 Becerro; Francisco Salas<\/p>\n","protected":false},"excerpt":{"rendered":"<p>En un intenso fin de semana el equipo de v\u00f3leibol Sub 15 del Club N\u00e1utico San Pedro lleg\u00f3 a octavos de final del campeonato abierto metropolitano en Buenos Aires. Integr\u00f3 la zona 5 con Ciudad de Campana al que le gan\u00f3 2 \u2013 1 con un partidazo, Belgrano al que vencieron 2 \u2013 0 y [&hellip;]<\/p>\n","protected":false},"author":4,"featured_media":41968,"comment_status":"open","ping_status":"closed","sticky":false,"template":"","format":"standard","meta":{"om_disable_all_campaigns":false,"_jetpack_memberships_contains_paid_content":false,"footnotes":""},"categories":[5],"tags":[],"class_list":["post-41967","post","type-post","status-publish","format-standard","has-post-thumbnail","hentry","category-deportes"],"aioseo_notices":[],"gutentor_comment":0,"jetpack_featured_media_url":"https:\/\/eldiariodesanpedro.com.ar\/sitio\/wp-content\/uploads\/2018\/10\/foto-2-17-10-18-CNSP-Voley.jpg","jetpack_shortlink":"https:\/\/wp.me\/p6RhLt-aUT","jetpack_sharing_enabled":true,"_links":{"self":[{"href":"https:\/\/eldiariodesanpedro.com.ar\/sitio\/wp-json\/wp\/v2\/posts\/41967","targetHints":{"allow":["GET"]}}],"collection":[{"href":"https:\/\/eldiariodesanpedro.com.ar\/sitio\/wp-json\/wp\/v2\/posts"}],"about":[{"href":"https:\/\/eldiariodesanpedro.com.ar\/sitio\/wp-json\/wp\/v2\/types\/post"}],"author":[{"embeddable":true,"href":"https:\/\/eldiariodesanpedro.com.ar\/sitio\/wp-json\/wp\/v2\/users\/4"}],"replies":[{"embeddable":true,"href":"https:\/\/eldiariodesanpedro.com.ar\/sitio\/wp-json\/wp\/v2\/comments?post=41967"}],"version-history":[{"count":1,"href":"https:\/\/eldiariodesanpedro.com.ar\/sitio\/wp-json\/wp\/v2\/posts\/41967\/revisions"}],"predecessor-version":[{"id":41970,"href":"https:\/\/eldiariodesanpedro.com.ar\/sitio\/wp-json\/wp\/v2\/posts\/41967\/revisions\/41970"}],"wp:featuredmedia":[{"embeddable":true,"href":"https:\/\/eldiariodesanpedro.com.ar\/sitio\/wp-json\/wp\/v2\/media\/41968"}],"wp:attachment":[{"href":"https:\/\/eldiariodesanpedro.com.ar\/sitio\/wp-json\/wp\/v2\/media?parent=41967"}],"wp:term":[{"taxonomy":"category","embeddable":true,"href":"https:\/\/eldiariodesanpedro.com.ar\/sitio\/wp-json\/wp\/v2\/categories?post=41967"},{"taxonomy":"post_tag","embeddable":true,"href":"https:\/\/eldiariodesanpedro.com.ar\/sitio\/wp-json\/wp\/v2\/tags?post=41967"}],"curies":[{"name":"wp","href":"https:\/\/api.w.org\/{rel}","templated":true}]}}