{"id":41960,"date":"2018-10-16T20:51:31","date_gmt":"2018-10-16T23:51:31","guid":{"rendered":"https:\/\/eldiariodesanpedro.com.ar\/sitio\/?p=41960"},"modified":"2026-01-24T00:09:18","modified_gmt":"2026-01-24T03:09:18","slug":"boxeo-gano-correa-en-el-festival-desarrollado-en-rio-tala","status":"publish","type":"post","link":"https:\/\/eldiariodesanpedro.com.ar\/sitio\/boxeo-gano-correa-en-el-festival-desarrollado-en-rio-tala\/","title":{"rendered":"BOXEO: Gan\u00f3 Correa en el festival desarrollado en R\u00edo Tala"},"content":{"rendered":"<p><!-- VideographyWP Plugin Message: Automatic video embedding prevented by plugin options. --><br \/>\nEl pasado s\u00e1bado en el sal\u00f3n de eventos del Club Talense de R\u00edo Tala se realiz\u00f3 un festival de Boxeo que cont\u00f3 con seis peleas, una de ellas profesional con el triunfo de Miguel \u00c1ngel Correa. <\/p>\n<p>  Un lleno total present\u00f3 el sal\u00f3n del Club recreativo Talense con combates entre aficionados que dejaron todo, ya que se entregaron en cada una de las peleas por el espect\u00e1culo, dejando a todo el p\u00fablico muy conforme que los premi\u00f3 al t\u00e9rmino de las mismas con un c\u00e1lido aplauso.<br \/>\n  Boxeadores de San Pedro, R\u00edo Tala y Ramallo fueron parte del programa box\u00edstico que adem\u00e1s cont\u00f3 con tres exhibiciones con noveles p\u00fagiles que a\u00fan por su corta edad no debutaron en el deporte de los pu\u00f1os, pero mostraron todo lo aprendido en las escuelas de Carlos Vargas (dos ni\u00f1as de 11 y 12 a\u00f1os que sorprendieron por sus movimientos en el cuadril\u00e1tero), Banfield (Jos\u00e9 Cancelo e Ismael Ibarrolla), Talense (Miguel Correa) y Ramallo (en el rinc\u00f3n con el \u00abchato\u00bb Correa).<br \/>\n  En las preliminares de aficionados a tres rounds estos fueron los resultados:<br \/>\n  Jos\u00e9 Villalba (Talense) se impuso por puntos en fallo dividido a Maximiliano Franco (Banfield) en una pelea muy pareja, un poco m\u00e1s preciso en los golpes el local y por eso los jurados determinaron su victoria.<br \/>\n  Pablo Gil (Gimnasio Ram\u00f3n Blanco de Ramallo) le gan\u00f3 por RSC  (Referee suspende combate) a Mart\u00edn Molina (Talense). Fue m\u00e1s el visitante y atinadamente el \u00e1rbitro Carlos Pinto (de muy correcto desempe\u00f1o en todas las peleas) decret\u00f3 el no va m\u00e1s en el segundo round.<br \/>\n  \u00c1lvaro Cardoso (Talense) y Jonathan Quintana (Gimnasio C. Vargas) apuraron el tercer combate de la noche, fue parejo, dividiendo momentos en el cuadrado para cada uno y sin demasiada t\u00e9cnica brindaron un entretenido enfrentamiento. El fallo fue dividido decretando empate.<br \/>\n  Bruno Vera (Talense) tambi\u00e9n empat\u00f3 ante Sebasti\u00e1n L\u00f3pez (Ramallo) en pelea pactada dentro de los 84 kilos. El fallo fue justo para lo realizado por ambos, sobre todo por el entusiasmo que pusieron arriba del ring.<br \/>\n  En el semifondo Uriel Ferreyra (Talense) le gan\u00f3 por puntos en fallo dividido a Tob\u00edas Calvera (Banfield) tras tres rounds muy intensos y con dos noveles p\u00fagiles de corta edad, pero interesantes para seguir de cerca por sus l\u00edneas t\u00e9cnicas y porte f\u00edsico en la categor\u00eda de los 50 kilos. Qued\u00f3 abierto para una nueva revancha.<br \/>\n  El de fondo fue profesional con el sampedrino Miguel \u00c1ngel Correa ((68.1) y el juninense Luis Valenzuela (70.3). Correa muy lejos de sus 56 kilos que lo llevaron a ser gran protagonista del pugilismo por un corto tiempo con varios triunfos interesantes enfrent\u00f3 a un boxeador que, si bien no es de una trayectoria con victorias en el campo rentado, es natural de ese peso y con un porte f\u00edsico mucho m\u00e1s grande a Correa en altura y alcance de brazos.<br \/>\n  Pero el sampedrino, ya lo dijimos en otras ocasiones, si de algo no se le puede reprochar es su enjundia para enfrentar situaciones adversas, esta fue otra de esas noches que arriba del ring agigant\u00f3 su estatura y con un sostenido ritmo busc\u00f3 la corta distancia donde coloc\u00f3 los mejores golpes e inclusive en el segundo round los sent\u00f3 en las sogas, recibiendo el conteo de protecci\u00f3n Valenzuela.<br \/>\n  Gan\u00f3 bien Correa, se impuso en todos los rounds (la tarjeta de El Cl\u00e1sico 40-34) con claridad, aunque claro est\u00e1, seguimos sosteniendo que le queda cuerda para rato si busca pelear en su peso natural, o por lo menos en liviano como m\u00e1ximo para no dar tanta ventaja. Los golpes de un mediano duelen mucho y si bien tal vez no ahora, con el paso del tiempo te hace pagar el error.<br \/>\n  En el final y ya con el triunfo, Correa tom\u00f3 el micr\u00f3fono agradeciendo al p\u00fablico que acompa\u00f1\u00f3 la velada y tuvo emotivas palabras con l\u00e1grimas en los ojos recordando el momento que est\u00e1 pasando su hacedor box\u00edstico Lorenzo Luis Garc\u00eda (internado en un nosocomio de Avellaneda).<br \/>\n  A prop\u00f3sito de Lorenzo Luis Garc\u00eda, ex campe\u00f3n argentino y sudamericano, aspirante a la corona mundial en la d\u00e9cada de los ochenta, primero fue internado en el hospital de nuestra ciudad y cuando su salud desmejor\u00f3 fue trasladado al Hospital Eva Per\u00f3n de Avellaneda, donde las \u00faltimas noticias marcaban una mejor\u00eda en su salud. <\/p>\n","protected":false},"excerpt":{"rendered":"<p>El pasado s\u00e1bado en el sal\u00f3n de eventos del Club Talense de R\u00edo Tala se realiz\u00f3 un festival de Boxeo que cont\u00f3 con seis peleas, una de ellas profesional con el triunfo de Miguel \u00c1ngel Correa. Un lleno total present\u00f3 el sal\u00f3n del Club recreativo Talense con combates entre aficionados que dejaron todo, ya que [&hellip;]<\/p>\n","protected":false},"author":4,"featured_media":41965,"comment_status":"open","ping_status":"closed","sticky":false,"template":"","format":"standard","meta":{"om_disable_all_campaigns":false,"_jetpack_memberships_contains_paid_content":false,"footnotes":""},"categories":[5],"tags":[],"class_list":["post-41960","post","type-post","status-publish","format-standard","has-post-thumbnail","hentry","category-deportes"],"aioseo_notices":[],"gutentor_comment":0,"jetpack_featured_media_url":"https:\/\/eldiariodesanpedro.com.ar\/sitio\/wp-content\/uploads\/2018\/10\/Miguel-Correa-en-acci\u00f3n-Gan\u00f3-bien-el-de-San-Pedro..jpg","jetpack_shortlink":"https:\/\/wp.me\/p6RhLt-aUM","jetpack_sharing_enabled":true,"_links":{"self":[{"href":"https:\/\/eldiariodesanpedro.com.ar\/sitio\/wp-json\/wp\/v2\/posts\/41960","targetHints":{"allow":["GET"]}}],"collection":[{"href":"https:\/\/eldiariodesanpedro.com.ar\/sitio\/wp-json\/wp\/v2\/posts"}],"about":[{"href":"https:\/\/eldiariodesanpedro.com.ar\/sitio\/wp-json\/wp\/v2\/types\/post"}],"author":[{"embeddable":true,"href":"https:\/\/eldiariodesanpedro.com.ar\/sitio\/wp-json\/wp\/v2\/users\/4"}],"replies":[{"embeddable":true,"href":"https:\/\/eldiariodesanpedro.com.ar\/sitio\/wp-json\/wp\/v2\/comments?post=41960"}],"version-history":[{"count":1,"href":"https:\/\/eldiariodesanpedro.com.ar\/sitio\/wp-json\/wp\/v2\/posts\/41960\/revisions"}],"predecessor-version":[{"id":41963,"href":"https:\/\/eldiariodesanpedro.com.ar\/sitio\/wp-json\/wp\/v2\/posts\/41960\/revisions\/41963"}],"wp:featuredmedia":[{"embeddable":true,"href":"https:\/\/eldiariodesanpedro.com.ar\/sitio\/wp-json\/wp\/v2\/media\/41965"}],"wp:attachment":[{"href":"https:\/\/eldiariodesanpedro.com.ar\/sitio\/wp-json\/wp\/v2\/media?parent=41960"}],"wp:term":[{"taxonomy":"category","embeddable":true,"href":"https:\/\/eldiariodesanpedro.com.ar\/sitio\/wp-json\/wp\/v2\/categories?post=41960"},{"taxonomy":"post_tag","embeddable":true,"href":"https:\/\/eldiariodesanpedro.com.ar\/sitio\/wp-json\/wp\/v2\/tags?post=41960"}],"curies":[{"name":"wp","href":"https:\/\/api.w.org\/{rel}","templated":true}]}}