{"id":41956,"date":"2018-10-16T20:47:45","date_gmt":"2018-10-16T23:47:45","guid":{"rendered":"https:\/\/eldiariodesanpedro.com.ar\/sitio\/?p=41956"},"modified":"2018-10-16T20:47:45","modified_gmt":"2018-10-16T23:47:45","slug":"zarate-murio-el-motociclista-que-quedo-debajo-de-un-camion-tras-ser-atropellado","status":"publish","type":"post","link":"https:\/\/eldiariodesanpedro.com.ar\/sitio\/zarate-murio-el-motociclista-que-quedo-debajo-de-un-camion-tras-ser-atropellado\/","title":{"rendered":"Z\u00c1RATE: Muri\u00f3 el motociclista que qued\u00f3 debajo de un cami\u00f3n tras ser atropellado"},"content":{"rendered":"<p><!-- VideographyWP Plugin Message: Automatic video embedding prevented by plugin options. --><br \/>\nAproximadamente a las 9 hs de este martes se produjo un grave choque en el parque industrial de Z\u00e1rate en la zona comprendida entre la rotonda y las v\u00edas.<\/p>\n<p>  Una motocicleta qued\u00f3 debajo de un cami\u00f3n que doblaba para ingresar a un predio, su conductor sufri\u00f3 serias lesiones. Fue llevado de urgencia al hospital Virgen del Carmen por la ambulancia del SEMU, pero falleci\u00f3 en el camino.<br \/>\n  La v\u00edctima fue identificada como Silvano Reynoso, de 50 a\u00f1os y domiciliado en Z\u00e1rate.<\/p>\n<p>Fuente: Enlace Cr\u00edtico<\/p>\n","protected":false},"excerpt":{"rendered":"<p>Aproximadamente a las 9 hs de este martes se produjo un grave choque en el parque industrial de Z\u00e1rate en la zona comprendida entre la rotonda y las v\u00edas. Una motocicleta qued\u00f3 debajo de un cami\u00f3n que doblaba para ingresar a un predio, su conductor sufri\u00f3 serias lesiones. Fue llevado de urgencia al hospital Virgen [&hellip;]<\/p>\n","protected":false},"author":4,"featured_media":41958,"comment_status":"open","ping_status":"closed","sticky":false,"template":"","format":"standard","meta":{"om_disable_all_campaigns":false,"_jetpack_memberships_contains_paid_content":false,"footnotes":""},"categories":[621],"tags":[],"class_list":["post-41956","post","type-post","status-publish","format-standard","has-post-thumbnail","hentry","category-regionales"],"aioseo_notices":[],"gutentor_comment":0,"jetpack_featured_media_url":"https:\/\/eldiariodesanpedro.com.ar\/sitio\/wp-content\/uploads\/2018\/10\/Muri\u00f3-el-motociclista-que-qued\u00f3-debajo-de-un-cami\u00f3n-tras-ser-atropellado.jpg","jetpack_shortlink":"https:\/\/wp.me\/p6RhLt-aUI","jetpack_sharing_enabled":true,"_links":{"self":[{"href":"https:\/\/eldiariodesanpedro.com.ar\/sitio\/wp-json\/wp\/v2\/posts\/41956","targetHints":{"allow":["GET"]}}],"collection":[{"href":"https:\/\/eldiariodesanpedro.com.ar\/sitio\/wp-json\/wp\/v2\/posts"}],"about":[{"href":"https:\/\/eldiariodesanpedro.com.ar\/sitio\/wp-json\/wp\/v2\/types\/post"}],"author":[{"embeddable":true,"href":"https:\/\/eldiariodesanpedro.com.ar\/sitio\/wp-json\/wp\/v2\/users\/4"}],"replies":[{"embeddable":true,"href":"https:\/\/eldiariodesanpedro.com.ar\/sitio\/wp-json\/wp\/v2\/comments?post=41956"}],"version-history":[{"count":1,"href":"https:\/\/eldiariodesanpedro.com.ar\/sitio\/wp-json\/wp\/v2\/posts\/41956\/revisions"}],"predecessor-version":[{"id":41959,"href":"https:\/\/eldiariodesanpedro.com.ar\/sitio\/wp-json\/wp\/v2\/posts\/41956\/revisions\/41959"}],"wp:featuredmedia":[{"embeddable":true,"href":"https:\/\/eldiariodesanpedro.com.ar\/sitio\/wp-json\/wp\/v2\/media\/41958"}],"wp:attachment":[{"href":"https:\/\/eldiariodesanpedro.com.ar\/sitio\/wp-json\/wp\/v2\/media?parent=41956"}],"wp:term":[{"taxonomy":"category","embeddable":true,"href":"https:\/\/eldiariodesanpedro.com.ar\/sitio\/wp-json\/wp\/v2\/categories?post=41956"},{"taxonomy":"post_tag","embeddable":true,"href":"https:\/\/eldiariodesanpedro.com.ar\/sitio\/wp-json\/wp\/v2\/tags?post=41956"}],"curies":[{"name":"wp","href":"https:\/\/api.w.org\/{rel}","templated":true}]}}